{"id":130455,"date":"2026-03-16T14:01:08","date_gmt":"2026-03-16T14:01:08","guid":{"rendered":"https:\/\/www.europesays.com\/ee\/130455\/"},"modified":"2026-03-16T14:01:08","modified_gmt":"2026-03-16T14:01:08","slug":"eksperdid-on-segaduses-soomes-on-euroopa-odavaim-veiseliha","status":"publish","type":"post","link":"https:\/\/www.europesays.com\/ee\/130455\/","title":{"rendered":"Eksperdid on segaduses: Soomes on Euroopa odavaim veiseliha"},"content":{"rendered":"<p>Soomes k\u00fcsivad veisekasvatajad oma loomade eest m\u00e4rksa v\u00e4iksemat summat kui paljudes teistes Euroopa riikides, kuid selle p\u00f5hjused pole p\u00e4ris selged isegi teadlastele. Ekspertide s\u00f5nul toimis aastaid s\u00fcsteem, mis hoidis hinnad stabiilsena, kuid 2024. aastal toimus ootamatu muutus.<\/p>\n<p><img decoding=\"async\" src=\"https:\/\/www.europesays.com\/ee\/wp-content\/uploads\/2026\/03\/98d8c530-bcf3-11eb-b523-bb0ecb88ca18.jpg\" loading=\"lazy\"\/><\/p>\n<p>FOTO: Argo Ingver| Delfi Meedia<\/p>\n<p>Kesk-Soomes tegutsev lihaveisekasvataja Lauri Jaatinen \u00fctleb, et farmerid on olukorrast teadlikud ja paljud m\u00f5tlevad, kuidas oma loomade eest paremat hinda saada. Kuigi temale endale pole v\u00e4lismaised vahendajad pakkumisi teinud, on paljudelt tema kolleegidelt k\u00fcsitud, kas nad oleksid valmis loomi m\u00fc\u00fcma. Selle p\u00f5hjuseks on asjaolu, et mujal Euroopas makstakse veiste eest m\u00e4rgatavalt rohkem, kirjutab <a rel=\"noopener follow nofollow\" target=\"_blank\" href=\"https:\/\/yle.fi\/a\/74-20213483\" data-rel-date-range=\"[]\">Yle<\/a>. <\/p>\n","protected":false},"excerpt":{"rendered":"Soomes k\u00fcsivad veisekasvatajad oma loomade eest m\u00e4rksa v\u00e4iksemat summat kui paljudes teistes Euroopa riikides, kuid selle p\u00f5hjused pole&hellip;\n","protected":false},"author":2,"featured_media":130456,"comment_status":"","ping_status":"","sticky":false,"template":"","format":"standard","meta":{"footnotes":"","_share_on_mastodon":"0"},"categories":[80],"tags":[26,27,37,33,35,34,36,31,32,21,28,29,2854,95,19,25,113,23,24,22,20,28074,30,92,93,94],"class_list":["post-130455","post","type-post","status-publish","format-standard","has-post-thumbnail","category-maailm","tag-breaking-news","tag-breakingnews","tag-ee","tag-eesti","tag-eesti-keel","tag-estonia","tag-estonian","tag-featured-news","tag-featurednews","tag-headlines","tag-latest-news","tag-latestnews","tag-loom","tag-maailm","tag-news","tag-populaarseimad-lood","tag-soome","tag-top-stories","tag-topstories","tag-uldised-uudised","tag-uudised","tag-veiseliha","tag-viimased-uudised","tag-world","tag-world-news","tag-worldnews"],"share_on_mastodon":{"url":"","error":""},"_links":{"self":[{"href":"https:\/\/www.europesays.com\/ee\/wp-json\/wp\/v2\/posts\/130455","targetHints":{"allow":["GET"]}}],"collection":[{"href":"https:\/\/www.europesays.com\/ee\/wp-json\/wp\/v2\/posts"}],"about":[{"href":"https:\/\/www.europesays.com\/ee\/wp-json\/wp\/v2\/types\/post"}],"author":[{"embeddable":true,"href":"https:\/\/www.europesays.com\/ee\/wp-json\/wp\/v2\/users\/2"}],"replies":[{"embeddable":true,"href":"https:\/\/www.europesays.com\/ee\/wp-json\/wp\/v2\/comments?post=130455"}],"version-history":[{"count":0,"href":"https:\/\/www.europesays.com\/ee\/wp-json\/wp\/v2\/posts\/130455\/revisions"}],"wp:featuredmedia":[{"embeddable":true,"href":"https:\/\/www.europesays.com\/ee\/wp-json\/wp\/v2\/media\/130456"}],"wp:attachment":[{"href":"https:\/\/www.europesays.com\/ee\/wp-json\/wp\/v2\/media?parent=130455"}],"wp:term":[{"taxonomy":"category","embeddable":true,"href":"https:\/\/www.europesays.com\/ee\/wp-json\/wp\/v2\/categories?post=130455"},{"taxonomy":"post_tag","embeddable":true,"href":"https:\/\/www.europesays.com\/ee\/wp-json\/wp\/v2\/tags?post=130455"}],"curies":[{"name":"wp","href":"https:\/\/api.w.org\/{rel}","templated":true}]}}