{"id":130601,"date":"2026-03-16T16:37:08","date_gmt":"2026-03-16T16:37:08","guid":{"rendered":"https:\/\/www.europesays.com\/ee\/130601\/"},"modified":"2026-03-16T16:37:08","modified_gmt":"2026-03-16T16:37:08","slug":"strateegia-kogub-22-337-btc-d-kuna-ettevotete-bitcoini-varud-kasvavad-bitcoin-news-bitcoin-com-news","status":"publish","type":"post","link":"https:\/\/www.europesays.com\/ee\/130601\/","title":{"rendered":"Strateegia kogub 22 337 BTC-d, kuna ettev\u00f5tete bitcoini varud kasvavad \u2013 Bitcoin News &#8211; Bitcoin.com News"},"content":{"rendered":"<ol>\n<li><a href=\"https:\/\/news.google.com\/rss\/articles\/CBMingFBVV95cUxQY3BBSGZNeVBuNzdOaDZBMk1pQnFGNzhCVlhsNERNWmw2U2JQUEN1N0otSE5WVHhmM1BvZUg4SlNVYlhhWU9YZlNTODc1bFp3b0NWemZOS3ppVlVSRk1KeEpXbF9sMFREa1IwMF82eFcyZk41Tkg5b2RMbFB3SUNKRTlfMVVwMUd6TUpvalIxTGxOb2dkYlBmTlc1NGdpUQ?oc=5\" target=\"_blank\" rel=\"nofollow noopener\">Strateegia kogub 22 337 BTC-d, kuna ettev\u00f5tete bitcoini varud kasvavad \u2013 Bitcoin News<\/a>&nbsp;&nbsp;Bitcoin.com News<\/li>\n<li><a href=\"https:\/\/news.google.com\/rss\/articles\/CBMi7gFBVV95cUxPME9jLUx0ekFjMXVBLW1lN0RFd0pQNmtUUmxmUUlmWHR5aERxYnVjaWYwQzFFT0hBNHRGNzJZdHlfMHZ6bFFTNmVzQ0NPTlRQcFlMSUpKamd1QlQ0VmNGRWdXSHFCd1Z0N0tpZnUxLTVQV1ZyMVZnVkxqeGlHcTl1djJvaTdWMURCa0xVYVJ3V0pkUVQ3czBFOXlKSUd3V3Y5OXgydHlFSVNtUUpjci0zQW5YcWo3ZWdKT0FUYmpfTlpBZnI2bFp6RjVhUWxOTnVtdUpWWlg1aVJuVnIzYlVPVjVFZlc0SVJBUUZNSDRB?oc=5\" target=\"_blank\" rel=\"nofollow noopener\">T\u00f6\u00f6stuse juhtide s\u00f5nul on Bitcoiniga tegelevad varahaldusfirmad teel neelama 10 korda suurema koguse p\u00e4evas kaevandatud Bitcoine \u2013 Bitcoin News<\/a>&nbsp;&nbsp;Bitcoin.com News<\/li>\n<li><a href=\"https:\/\/news.google.com\/rss\/articles\/CBMi2wFBVV95cUxPWm9uLTk3OU5QMDZ4c182VFVFc2plZk5PeWxsZHY2MjlPSnJva00wcGI3WUlwaUk1Wjc1VDNCaFAyTXkwRUJ5S2tLb05tR1dlbnU2UVVfNThRNlFsZE5sNEltd2p5MXVuNmZ0cjhGdVVsdDVpVklYcU1DWVVQRUZGcmlKTEVqdVNjRHowN05fZV9KOHhKYm5LZ3JvR2FNODFNSnIzS2ttdk8tZmRLZkxzb3l4dzJ1OS03dEFTamJRTkJvODVEdVlLVHl4YWlUQ1EtSi15OW9oQ2xGbkU?oc=5\" target=\"_blank\" rel=\"nofollow noopener\">Maailma suurimad varahaldurid omavad MSTR-i: Strategy t\u00f5stab esile ulatusliku institutsionaalse Bitcoini kokkupuute<\/a>&nbsp;&nbsp;Bitcoin.com News<\/li>\n<li><a href=\"https:\/\/news.google.com\/rss\/articles\/CBMipAFBVV95cUxPeGtWbUFrV0dwUEtJNU9hbU1QSFcwMDdNai1TSWV5RF9qbnRWZG55RGVJOW0wMGFEU0I0Z2FQQWxNeGtRSGtud0ZINWxCSm1IbzBiR3dkMjZscjg3OFJucWd4OHZaeC0zcWtnNnJlMFd6RXFJRUZBQzM4dHJkUy0xdFlYME1Mb0JUZEFTMzdEQ29GZHd3QmRmVVF4eExDZncxUGNaWQ?oc=5\" target=\"_blank\" rel=\"nofollow noopener\">\u201eAlgab teine sajand\u201c: Saylori avaldus s\u00fctitab tohutu Bitcoini ostmise ootuse<\/a>&nbsp;&nbsp;Bitcoin.com News<\/li>\n<li><a href=\"https:\/\/news.google.com\/rss\/articles\/CBMixwFBVV95cUxOSUJPRXFHRlFQek9iX2NvczFydkRpMjJLeW13SHotQjBabW8zNFZ2Y3dIc0VBb2I5TDNMTEZ1LVhobndLNGJmUktlOHEwaWdmOEJtX0NhUUVZVlNkcHkySmltR0JEeXZsRkZtYzdZSDZlQ3EyRV9jeDdEUTdFcDNYeDFKak9hM0JIcXFTbnhEOUxrTDNiT2taRnFIUldFMG9rb0hJNW12MjdGb3V0b25CLWJEQ1hldmNscWUxblZmTVI3LW52V204?oc=5\" target=\"_blank\" rel=\"nofollow noopener\">Strategy ostab 17 994 bitcoini 1,28 miljardi dollari eest, kasvatab ettev\u00f5tte BTC-varusid 738 731-ni \u2013 Bitcoin News<\/a>&nbsp;&nbsp;Bitcoin.com News<\/li>\n<\/ol>\n","protected":false},"excerpt":{"rendered":"Strateegia kogub 22 337 BTC-d, kuna ettev\u00f5tete bitcoini varud kasvavad \u2013 Bitcoin News&nbsp;&nbsp;Bitcoin.com News T\u00f6\u00f6stuse juhtide s\u00f5nul on&hellip;\n","protected":false},"author":2,"featured_media":130602,"comment_status":"","ping_status":"","sticky":false,"template":"","format":"standard","meta":{"footnotes":"","_share_on_mastodon":"0"},"categories":[14],"tags":[131,3001,130,37,33,35,34,36,8037,30388],"class_list":["post-130601","post","type-post","status-publish","format-standard","has-post-thumbnail","category-ari","tag-ari","tag-bitcoin-btc","tag-business","tag-ee","tag-eesti","tag-eesti-keel","tag-estonia","tag-estonian","tag-michael-saylor","tag-strategy"],"share_on_mastodon":{"url":"https:\/\/pubeurope.com\/@ee\/116239836532944901","error":""},"_links":{"self":[{"href":"https:\/\/www.europesays.com\/ee\/wp-json\/wp\/v2\/posts\/130601","targetHints":{"allow":["GET"]}}],"collection":[{"href":"https:\/\/www.europesays.com\/ee\/wp-json\/wp\/v2\/posts"}],"about":[{"href":"https:\/\/www.europesays.com\/ee\/wp-json\/wp\/v2\/types\/post"}],"author":[{"embeddable":true,"href":"https:\/\/www.europesays.com\/ee\/wp-json\/wp\/v2\/users\/2"}],"replies":[{"embeddable":true,"href":"https:\/\/www.europesays.com\/ee\/wp-json\/wp\/v2\/comments?post=130601"}],"version-history":[{"count":0,"href":"https:\/\/www.europesays.com\/ee\/wp-json\/wp\/v2\/posts\/130601\/revisions"}],"wp:featuredmedia":[{"embeddable":true,"href":"https:\/\/www.europesays.com\/ee\/wp-json\/wp\/v2\/media\/130602"}],"wp:attachment":[{"href":"https:\/\/www.europesays.com\/ee\/wp-json\/wp\/v2\/media?parent=130601"}],"wp:term":[{"taxonomy":"category","embeddable":true,"href":"https:\/\/www.europesays.com\/ee\/wp-json\/wp\/v2\/categories?post=130601"},{"taxonomy":"post_tag","embeddable":true,"href":"https:\/\/www.europesays.com\/ee\/wp-json\/wp\/v2\/tags?post=130601"}],"curies":[{"name":"wp","href":"https:\/\/api.w.org\/{rel}","templated":true}]}}