{"id":130668,"date":"2026-03-16T18:06:06","date_gmt":"2026-03-16T18:06:06","guid":{"rendered":"https:\/\/www.europesays.com\/ee\/130668\/"},"modified":"2026-03-16T18:06:06","modified_gmt":"2026-03-16T18:06:06","slug":"kuum-turg-%e2%9f%a9-arimehed-ja-ajakirjanikud-pakuvad-trumpi-eranumbri-ostmiseks-nii-raha-kui-kontakte","status":"publish","type":"post","link":"https:\/\/www.europesays.com\/ee\/130668\/","title":{"rendered":"KUUM TURG \u27e9 \u00c4rimehed ja ajakirjanikud pakuvad Trumpi eranumbri \u00abostmiseks\u00bb nii raha kui kontakte"},"content":{"rendered":"<p class=\"MsoNormal\">USA presidendi Donald Trumpi isiklikust telefoninumbrist on Washingtonis saanud sedav\u00f5rd kuum kaup, et selle eest on j\u00f5ukamad inimesed valmis raha maksma, samas kui ajakirjanikud pakuvad numbri eest kolleegidele teiste maailma liidrite kontakte.<\/p>\n<p>Valgesse Majja on laekunud info, et m\u00f5juj\u00f5udu ihkavad rikkad \u00e4rimehed on saanud ettepanekuid osta kopsaka summa eest endale Trumpi eratelefoninumbrit ja sellega ligip\u00e4\u00e4su poliitikakujundamisele<\/p>\n","protected":false},"excerpt":{"rendered":"USA presidendi Donald Trumpi isiklikust telefoninumbrist on Washingtonis saanud sedav\u00f5rd kuum kaup, et selle eest on j\u00f5ukamad inimesed&hellip;\n","protected":false},"author":2,"featured_media":130669,"comment_status":"","ping_status":"","sticky":false,"template":"","format":"standard","meta":{"footnotes":"","_share_on_mastodon":"0"},"categories":[80],"tags":[41217,26,27,324,37,33,35,59502,34,36,31,32,21,59500,28,29,95,59503,19,25,59501,23,24,22,462,20,1900,30,92,93,94],"class_list":["post-130668","post","type-post","status-publish","format-standard","has-post-thumbnail","category-maailm","tag-ajakirjanikud","tag-breaking-news","tag-breakingnews","tag-donald-trump","tag-ee","tag-eesti","tag-eesti-keel","tag-eratelefon","tag-estonia","tag-estonian","tag-featured-news","tag-featurednews","tag-headlines","tag-isiklik-telefoninumber","tag-latest-news","tag-latestnews","tag-maailm","tag-mojuvoimu-ostmine","tag-news","tag-populaarseimad-lood","tag-the-atlantic","tag-top-stories","tag-topstories","tag-uldised-uudised","tag-usa-president","tag-uudised","tag-valge-maja","tag-viimased-uudised","tag-world","tag-world-news","tag-worldnews"],"share_on_mastodon":{"url":"https:\/\/pubeurope.com\/@ee\/116240186247799913","error":""},"_links":{"self":[{"href":"https:\/\/www.europesays.com\/ee\/wp-json\/wp\/v2\/posts\/130668","targetHints":{"allow":["GET"]}}],"collection":[{"href":"https:\/\/www.europesays.com\/ee\/wp-json\/wp\/v2\/posts"}],"about":[{"href":"https:\/\/www.europesays.com\/ee\/wp-json\/wp\/v2\/types\/post"}],"author":[{"embeddable":true,"href":"https:\/\/www.europesays.com\/ee\/wp-json\/wp\/v2\/users\/2"}],"replies":[{"embeddable":true,"href":"https:\/\/www.europesays.com\/ee\/wp-json\/wp\/v2\/comments?post=130668"}],"version-history":[{"count":0,"href":"https:\/\/www.europesays.com\/ee\/wp-json\/wp\/v2\/posts\/130668\/revisions"}],"wp:featuredmedia":[{"embeddable":true,"href":"https:\/\/www.europesays.com\/ee\/wp-json\/wp\/v2\/media\/130669"}],"wp:attachment":[{"href":"https:\/\/www.europesays.com\/ee\/wp-json\/wp\/v2\/media?parent=130668"}],"wp:term":[{"taxonomy":"category","embeddable":true,"href":"https:\/\/www.europesays.com\/ee\/wp-json\/wp\/v2\/categories?post=130668"},{"taxonomy":"post_tag","embeddable":true,"href":"https:\/\/www.europesays.com\/ee\/wp-json\/wp\/v2\/tags?post=130668"}],"curies":[{"name":"wp","href":"https:\/\/api.w.org\/{rel}","templated":true}]}}