{"id":130732,"date":"2026-03-16T19:10:10","date_gmt":"2026-03-16T19:10:10","guid":{"rendered":"https:\/\/www.europesays.com\/ee\/130732\/"},"modified":"2026-03-16T19:10:10","modified_gmt":"2026-03-16T19:10:10","slug":"suurbritannia-ralli-naaseb-jargmisel-aastal-mm-kalendrisse","status":"publish","type":"post","link":"https:\/\/www.europesays.com\/ee\/130732\/","title":{"rendered":"Suurbritannia ralli naaseb j\u00e4rgmisel aastal MM-kalendrisse"},"content":{"rendered":"<p>Suurbritannia on juba pikka aega unistanud autoralli maailmameistriv\u00f5istluste kalendrisse naasmisest. Viimati toimus saareriigis MM-ralli 2019. aastal, kui j\u00f5uproov peeti Walesis. \u0160otimaal kihutati viimati MM-punktidele 1995. aastal. <\/p>\n<p>\u201eSee on autoralli maailmameistriv\u00f5istluste jaoks tohutu uudis. See n\u00e4itab selgelt, et liigume \u00f5iges suunas. Suurbritannial on uskumatu ajalugu ja kirg selle spordiala vastu ning autoralli maailmameistriv\u00f5istluste lipulaeva \u00fcrituse naasmine \u0160otimaale avab selles pikas loos uue peat\u00fcki,\u201c \u00fctles FIA spordiasjade asepresident <a rel=\"noopener nofollow\" target=\"_blank\" href=\"https:\/\/www.delfi.ee\/teema\/62911602\/malcolm-wilson\" tag-id=\"62911602\">Malcolm Wilson<\/a>. <\/p>\n<p>\u201eKuna autoralli maailmameistriv\u00f5istlused sisenevad 2027. aastal uude ajastusse uute regulatsioonidega, on tippkonkurentsis v\u00f5istlemas rohkem meeskondi. On suurep\u00e4rane n\u00e4ha korraldajate, valitsuste ja loomulikult f\u00e4nnide tugevat soovi tuua MM-v\u00f5istlustele uusi \u00fcritusi,\u201c lisas Wilson.<\/p>\n<p>Briti autospordiliidu (Motorsport UK) esimees David Richards \u00fctles omalt poolt: \u201eRallil on alati olnud Briti motospordi ajaloos eriline koht ja minu jaoks isiklikult on see olnud suur osa minu elust. Olles kogenud autoralli maailmameistriv\u00f5istlusi ralliauto kokpitist, tean, kui ainulaadne v\u00f5ib olla Suurbritannia ralli atmosf\u00e4\u00e4r: metsad, f\u00e4nnid ja erakordne vabatahtlike ja motospordiklubide kogukond, kes muudavad need \u00fcritused nii eriliseks.\u201c<\/p>\n<p>Motorsport UK pidas MM-i korraldava promotsioonifirmaga pikalt l\u00e4bir\u00e4\u00e4kimisi, et \u0160otimaa saaks kalendrisse naasta. Eelmisel s\u00fcgisel s\u00f5lmis Aberdeeni omavalitsus l\u00f5puks Motorsport UK-ga kokkuleppe ametliku taotluse esitamiseks. <\/p>\n<p>T\u00e4navu korraldab \u0160otimaa autoralli maailmameistriv\u00f5istluste kandidaatv\u00f5istlust, mille korralduse vaatab \u00fcle rahvusvahelise autoliidu (FIA) \u200b\u200besindaja. Seej\u00e4rel peab \u0160otimaa etapi toimumise ametlikult heaks kiitma veel ka maailma mootorispordi n\u00f5ukogu. <\/p>\n<p>\u0160otlased on s\u00f5lminud kolmeaastase lepingu, mille kohaselt toimuks MM-ralli aastatel 2027, 2028 ja 2029.<\/p>\n<p>\u0160otimaa kruusaralli v\u00f5istluskeskuseks saab Aberdeeni linn. Hooldusala tahetakse rajada Aberdeeni siseareenile P&amp;J Live.<\/p>\n<p>Kuidas see lugu Sind end tundma pani? Saada <a href=\"https:\/\/sport.delfi.ee\/artikkel\/120442670\/suurbritannia-ralli-naaseb-jargmisel-aastal-mm-kalendrisse\/kommentaarid\" class=\"article-body-bottom__comment article-body-bottom__comment--write button button--primary button--size-auto\" rel=\"nofollow noopener\" target=\"_blank\"> Kommenteeri <\/a><a href=\"https:\/\/sport.delfi.ee\/artikkel\/120442670\/suurbritannia-ralli-naaseb-jargmisel-aastal-mm-kalendrisse\/kommentaarid\" class=\"article-body-bottom__comment article-body-bottom__comment--read button button--size-auto\" rel=\"nofollow noopener\" target=\"_blank\"> Loe kommentaare (3)<\/a><\/p>\n","protected":false},"excerpt":{"rendered":"Suurbritannia on juba pikka aega unistanud autoralli maailmameistriv\u00f5istluste kalendrisse naasmisest. Viimati toimus saareriigis MM-ralli 2019. aastal, kui j\u00f5uproov&hellip;\n","protected":false},"author":2,"featured_media":130733,"comment_status":"","ping_status":"","sticky":false,"template":"","format":"standard","meta":{"footnotes":"","_share_on_mastodon":"0"},"categories":[18],"tags":[37,33,35,34,36,9017,1523,159,158,1192],"class_list":["post-130732","post","type-post","status-publish","format-standard","has-post-thumbnail","category-sport","tag-ee","tag-eesti","tag-eesti-keel","tag-estonia","tag-estonian","tag-malcolm-wilson","tag-ott-tanak","tag-sport","tag-sports","tag-wrc"],"share_on_mastodon":{"url":"https:\/\/pubeurope.com\/@ee\/116240438018331806","error":""},"_links":{"self":[{"href":"https:\/\/www.europesays.com\/ee\/wp-json\/wp\/v2\/posts\/130732","targetHints":{"allow":["GET"]}}],"collection":[{"href":"https:\/\/www.europesays.com\/ee\/wp-json\/wp\/v2\/posts"}],"about":[{"href":"https:\/\/www.europesays.com\/ee\/wp-json\/wp\/v2\/types\/post"}],"author":[{"embeddable":true,"href":"https:\/\/www.europesays.com\/ee\/wp-json\/wp\/v2\/users\/2"}],"replies":[{"embeddable":true,"href":"https:\/\/www.europesays.com\/ee\/wp-json\/wp\/v2\/comments?post=130732"}],"version-history":[{"count":0,"href":"https:\/\/www.europesays.com\/ee\/wp-json\/wp\/v2\/posts\/130732\/revisions"}],"wp:featuredmedia":[{"embeddable":true,"href":"https:\/\/www.europesays.com\/ee\/wp-json\/wp\/v2\/media\/130733"}],"wp:attachment":[{"href":"https:\/\/www.europesays.com\/ee\/wp-json\/wp\/v2\/media?parent=130732"}],"wp:term":[{"taxonomy":"category","embeddable":true,"href":"https:\/\/www.europesays.com\/ee\/wp-json\/wp\/v2\/categories?post=130732"},{"taxonomy":"post_tag","embeddable":true,"href":"https:\/\/www.europesays.com\/ee\/wp-json\/wp\/v2\/tags?post=130732"}],"curies":[{"name":"wp","href":"https:\/\/api.w.org\/{rel}","templated":true}]}}