{"id":130748,"date":"2026-03-16T19:25:06","date_gmt":"2026-03-16T19:25:06","guid":{"rendered":"https:\/\/www.europesays.com\/ee\/130748\/"},"modified":"2026-03-16T19:25:06","modified_gmt":"2026-03-16T19:25:06","slug":"intervjuu-otepaa-mk-etapi-peakorraldaja-aivar-nigol-kui-muidu-tuleb-eestlane-voistluse-alguseks-siis-meil-oli-teisiti-postimees-sport","status":"publish","type":"post","link":"https:\/\/www.europesays.com\/ee\/130748\/","title":{"rendered":"INTERVJUU Otep\u00e4\u00e4 MK-etapi peakorraldaja Aivar Nigol: kui muidu tuleb eestlane v\u00f5istluse alguseks, siis meil oli teisiti &#8211; Postimees Sport"},"content":{"rendered":"<ol>\n<li><a href=\"https:\/\/news.google.com\/rss\/articles\/CBMi5wFBVV95cUxPQkx3NkNvWl9tUGZlTlRPaGxXX1hkazRoWFdtVEZwMVo1RmtGa2NxTG5hR0p6cjdsMTBHemthQ09kOVVpdE02aE45SVZNd016M0tudnN3V1FBWVNFZ0xzN1NfVzBWLWZ4VnFZZk9kYlRmZE1MMXVwd2lZb0FkTnl4TFdLTXZXZzB4WEZmUnVmWWxhSUg0ZUhYVVJzV1J0a1ZTYmE3UlBLQUxITUNXY3Y1R0FIWEN6TFBZeU9WbjluQ0RrRDQ1cUVBZElTcUR1UC1tb3YwMUlDMjZVVEhyUEdwTV9MNEpXM1U?oc=5\" target=\"_blank\" rel=\"nofollow noopener\">INTERVJUU Otep\u00e4\u00e4 MK-etapi peakorraldaja Aivar Nigol: kui muidu tuleb eestlane v\u00f5istluse alguseks, siis meil oli teisiti<\/a>&nbsp;&nbsp;Postimees Sport<\/li>\n<li><a href=\"https:\/\/news.google.com\/rss\/articles\/CBMiqAFBVV95cUxPYkNqdU9Cb1FlUTlDVUNvU1VkN25nZWh4a1ZVa0xFdlpnbDdxa0hjWTd2UU5VRHlrckV1b2pneXQ0THZkRVUya3V1V1dOeUZvelFKLVFaQm1YR1I5Z3BHT2tKQmczMmRJVEFnQ0JucVhSTzR1MkFOQW1pSzhnUVRBQ0JLdjlGbmtneHE2TzJDUzViSjBOQi1pM0VMTVU4U2kyM3R1eV9DQmw?oc=5\" target=\"_blank\" rel=\"nofollow noopener\">\u0160veits ja USA p\u00e4\u00e4sesid pjedestaalile, Eesti l\u00f5petas koduse etapi 11. kohaga<\/a>&nbsp;&nbsp;sport | ERR<\/li>\n<li><a href=\"https:\/\/news.google.com\/rss\/articles\/CBMi7gFBVV95cUxPWFF2SG12RFAtYUdxc1lHZkktZld3SkozeTlvTWZCQnBDd0FYeFprd0o5c1pfMFgtLTdzSmw2YUFMSlNqVDV4OG9kYmVjSkFSdjk3VGczOTN6TmxOOFBpcHJSUHNWLWJMR0V3ZFlNUTByeW5hbVQ4ZE92eVJFN0JYUExHVGI0RU9OVXFrNjFSc2lGMm1ld1I0aWo3WWlvbGxBRG50SC15dWxEaGZpSm5UbmNVTTR6cjhSLVRNY21MVmxIMnBBOFpnbm0wMW5mZEdBZFdrN3MyeWdKY1JpX294VlNYYk9uVkxIMW5RSjF3?oc=5\" target=\"_blank\" rel=\"nofollow noopener\">Eesti teatenelik k\u00e4is neljal trahviringil. Ermits: t\u00e4na polnud vahet, kas oled spordiga tegelenud \u00fche v\u00f5i k\u00fcmme aastat<\/a>&nbsp;&nbsp;Delfi Sport<\/li>\n<li><a href=\"https:\/\/news.google.com\/rss\/articles\/CBMi4gFBVV95cUxPOEVoeU04TnlERWVvbzJvaWJnWTlmeHJYNHhZTldUYlNlLWsxV3BwSmpaTm44bjdvUmxkR1A1Sk1KbFdGTWRFdlh0MVkwR1JNZk5USHduTXYyck1Wb1JpNXRHZkliZ3k2aTk0bUNLRVlRa3VBcDFOcVNOcHgxaDd6Y3FnX0pvMlJEYUxuTWswTEtLVU02NDc5VU1PNDhWUjAweGV1aE1pSC1ZM1VIamV5TGQxTVZvenN1S09JbmlFV3NjRXRkaXA1Ry1WTnN2alFUTGpwQkpQRVI4T1Bwd0Nfdk5n?oc=5\" target=\"_blank\" rel=\"nofollow noopener\">PM OTEP\u00c4\u00c4L Hooajast r\u00e4situd laskesuusakoondise treener Viigipuu v\u00f5tab aja maha: tahaks jalad l\u00f5puks seinale visata<\/a>&nbsp;&nbsp;Postimees Sport<\/li>\n<li><a href=\"https:\/\/news.google.com\/rss\/articles\/CBMisgFBVV95cUxPaGl6ZXFsd1dDWUNjeDdDNzhDbzVzQ29yZlRZYS1PZU9sVlE3Umc2dHE4NjdzT2FpSUVNSXpLaUZ0bWJjYTNiN0k0dmJ0ZzRXTHYweXV6TDdCUmdMZjVOWk9qTkxhVFJiNkFaUTdBd1RiOFFNWkJ2ZnNXV3dkYkNlVTJHckJfTEJrVVlnX09hMWJvYVFCRHQxRFBHb0hqVHdXVmptcXB0ZWJrTFB2SWwxdGNR?oc=5\" target=\"_blank\" rel=\"nofollow noopener\">GALERII | Mark-Markos Kehva v\u00f5ttis Otep\u00e4\u00e4 MK-etapi kokku: m\u00e4lestus kogu eluks!<\/a>&nbsp;&nbsp;\u00d5htuleht<\/li>\n<\/ol>\n","protected":false},"excerpt":{"rendered":"INTERVJUU Otep\u00e4\u00e4 MK-etapi peakorraldaja Aivar Nigol: kui muidu tuleb eestlane v\u00f5istluse alguseks, siis meil oli teisiti&nbsp;&nbsp;Postimees Sport \u0160veits&hellip;\n","protected":false},"author":2,"featured_media":130727,"comment_status":"","ping_status":"","sticky":false,"template":"","format":"standard","meta":{"footnotes":"","_share_on_mastodon":"0"},"categories":[5],"tags":[2098,26,27,37,33,35,34,36,31,32,21,28,29,19,2095,25,23,24,22,20,30],"class_list":["post-130748","post","type-post","status-publish","format-standard","has-post-thumbnail","category-uldised-uudised","tag-aivar-nigol","tag-breaking-news","tag-breakingnews","tag-ee","tag-eesti","tag-eesti-keel","tag-estonia","tag-estonian","tag-featured-news","tag-featurednews","tag-headlines","tag-latest-news","tag-latestnews","tag-news","tag-otepaa-mk-etapp","tag-populaarseimad-lood","tag-top-stories","tag-topstories","tag-uldised-uudised","tag-uudised","tag-viimased-uudised"],"share_on_mastodon":{"url":"https:\/\/pubeurope.com\/@ee\/116240496967210828","error":""},"_links":{"self":[{"href":"https:\/\/www.europesays.com\/ee\/wp-json\/wp\/v2\/posts\/130748","targetHints":{"allow":["GET"]}}],"collection":[{"href":"https:\/\/www.europesays.com\/ee\/wp-json\/wp\/v2\/posts"}],"about":[{"href":"https:\/\/www.europesays.com\/ee\/wp-json\/wp\/v2\/types\/post"}],"author":[{"embeddable":true,"href":"https:\/\/www.europesays.com\/ee\/wp-json\/wp\/v2\/users\/2"}],"replies":[{"embeddable":true,"href":"https:\/\/www.europesays.com\/ee\/wp-json\/wp\/v2\/comments?post=130748"}],"version-history":[{"count":0,"href":"https:\/\/www.europesays.com\/ee\/wp-json\/wp\/v2\/posts\/130748\/revisions"}],"wp:featuredmedia":[{"embeddable":true,"href":"https:\/\/www.europesays.com\/ee\/wp-json\/wp\/v2\/media\/130727"}],"wp:attachment":[{"href":"https:\/\/www.europesays.com\/ee\/wp-json\/wp\/v2\/media?parent=130748"}],"wp:term":[{"taxonomy":"category","embeddable":true,"href":"https:\/\/www.europesays.com\/ee\/wp-json\/wp\/v2\/categories?post=130748"},{"taxonomy":"post_tag","embeddable":true,"href":"https:\/\/www.europesays.com\/ee\/wp-json\/wp\/v2\/tags?post=130748"}],"curies":[{"name":"wp","href":"https:\/\/api.w.org\/{rel}","templated":true}]}}