{"id":131016,"date":"2026-03-17T04:44:13","date_gmt":"2026-03-17T04:44:13","guid":{"rendered":"https:\/\/www.europesays.com\/ee\/131016\/"},"modified":"2026-03-17T04:44:13","modified_gmt":"2026-03-17T04:44:13","slug":"siim-tuisk-konservatiivne-populism-ei-ole-kurjuse-kehastus-susteem-on-neid-piisavalt-tihti-alt-vedanud","status":"publish","type":"post","link":"https:\/\/www.europesays.com\/ee\/131016\/","title":{"rendered":"Siim Tuisk: konservatiivne populism ei ole kurjuse kehastus. S\u00fcsteem on neid piisavalt tihti alt vedanud"},"content":{"rendered":"<p>Umbes nagu diagnoos ilma ravimita.<\/p>\n<p>Vaadakem k\u00f5igepealt maailmas arenevat mustrit, mitte \u00fcksikuid s\u00fcndmusi. Marine Le Peni erakond saab iga valimists\u00fckliga rohkem h\u00e4\u00e4li, AfD on Saksamaa suuruselt teine partei, Nigel Farage on tagasi tugevamana kui kunagi varem, Giorgia Meloni valitseb Itaaliat, Donald <a rel=\"noopener nofollow\" target=\"_blank\" href=\"https:\/\/www.delfi.ee\/teema\/96868374\/trump\" data-rel-date-range=\"[]\">Trump<\/a> on teist korda president, seekord ettevalmistunumalt ja institutsioonidest v\u00e4hem piiratud. Ma ei \u00fctleks, et need on anomaaliad erinevates riikides, pigem on need \u00fche protsessi v\u00e4ljendused erinevates kontekstides.<\/p>\n<p>Ja need, kelle taha astuvad oligarhid, platvormid ja kapital, ei ole enamasti <a rel=\"noopener nofollow\" target=\"_blank\" href=\"https:\/\/www.delfi.ee\/teema\/23879023\/demokraatia\" data-rel-date-range=\"[]\">demokraatia<\/a> kaitsjad, vaid lammutajad. Tegemist ei ole enam vanden\u00f5uteooriaga, sest toimuv on avalik ja deklareeritud.<\/p>\n<p>Oled juba tellija?Logi sisse<\/p>\n<p><a href=\"https:\/\/arvamus.delfi.ee\/artikkel\/120442597\/siim-tuisk-konservatiivne-populism-ei-ole-kurjuse-kehastus-susteem-on-neid-piisavalt-tihti-alt-vedanud\/kommentaarid\" class=\"article-body-bottom__comment article-body-bottom__comment--write button button--primary button--size-auto\" rel=\"nofollow noopener\" target=\"_blank\"> Kommenteeri <\/a><a href=\"https:\/\/arvamus.delfi.ee\/artikkel\/120442597\/siim-tuisk-konservatiivne-populism-ei-ole-kurjuse-kehastus-susteem-on-neid-piisavalt-tihti-alt-vedanud\/kommentaarid\" class=\"article-body-bottom__comment article-body-bottom__comment--read button button--size-auto\" rel=\"nofollow noopener\" target=\"_blank\"> Loe kommentaare (31)<\/a><\/p>\n","protected":false},"excerpt":{"rendered":"Umbes nagu diagnoos ilma ravimita. Vaadakem k\u00f5igepealt maailmas arenevat mustrit, mitte \u00fcksikuid s\u00fcndmusi. Marine Le Peni erakond saab&hellip;\n","protected":false},"author":2,"featured_media":131017,"comment_status":"","ping_status":"","sticky":false,"template":"","format":"standard","meta":{"footnotes":"","_share_on_mastodon":"0"},"categories":[80],"tags":[26,27,2260,409,37,33,35,34,36,31,32,21,10011,28,29,15735,95,672,19,999,25,3975,397,23,24,463,22,20,30,92,93,94],"class_list":["post-131016","post","type-post","status-publish","format-standard","has-post-thumbnail","category-maailm","tag-breaking-news","tag-breakingnews","tag-demokraatia","tag-ebavordsus","tag-ee","tag-eesti","tag-eesti-keel","tag-estonia","tag-estonian","tag-featured-news","tag-featurednews","tag-headlines","tag-konservatiivid","tag-latest-news","tag-latestnews","tag-liberaalid","tag-maailm","tag-majandus","tag-news","tag-poliitika","tag-populaarseimad-lood","tag-populism","tag-sotsiaalmeedia","tag-top-stories","tag-topstories","tag-trump","tag-uldised-uudised","tag-uudised","tag-viimased-uudised","tag-world","tag-world-news","tag-worldnews"],"share_on_mastodon":{"url":"https:\/\/pubeurope.com\/@ee\/116242695012167147","error":""},"_links":{"self":[{"href":"https:\/\/www.europesays.com\/ee\/wp-json\/wp\/v2\/posts\/131016","targetHints":{"allow":["GET"]}}],"collection":[{"href":"https:\/\/www.europesays.com\/ee\/wp-json\/wp\/v2\/posts"}],"about":[{"href":"https:\/\/www.europesays.com\/ee\/wp-json\/wp\/v2\/types\/post"}],"author":[{"embeddable":true,"href":"https:\/\/www.europesays.com\/ee\/wp-json\/wp\/v2\/users\/2"}],"replies":[{"embeddable":true,"href":"https:\/\/www.europesays.com\/ee\/wp-json\/wp\/v2\/comments?post=131016"}],"version-history":[{"count":0,"href":"https:\/\/www.europesays.com\/ee\/wp-json\/wp\/v2\/posts\/131016\/revisions"}],"wp:featuredmedia":[{"embeddable":true,"href":"https:\/\/www.europesays.com\/ee\/wp-json\/wp\/v2\/media\/131017"}],"wp:attachment":[{"href":"https:\/\/www.europesays.com\/ee\/wp-json\/wp\/v2\/media?parent=131016"}],"wp:term":[{"taxonomy":"category","embeddable":true,"href":"https:\/\/www.europesays.com\/ee\/wp-json\/wp\/v2\/categories?post=131016"},{"taxonomy":"post_tag","embeddable":true,"href":"https:\/\/www.europesays.com\/ee\/wp-json\/wp\/v2\/tags?post=131016"}],"curies":[{"name":"wp","href":"https:\/\/api.w.org\/{rel}","templated":true}]}}