{"id":131023,"date":"2026-03-17T05:07:09","date_gmt":"2026-03-17T05:07:09","guid":{"rendered":"https:\/\/www.europesays.com\/ee\/131023\/"},"modified":"2026-03-17T05:07:09","modified_gmt":"2026-03-17T05:07:09","slug":"vargad-himustavad-paikeseelektrijaamade-vaskkaableid-paldiskist-varastati-neid-15-kilomeetri-jagu","status":"publish","type":"post","link":"https:\/\/www.europesays.com\/ee\/131023\/","title":{"rendered":"Vargad himustavad p\u00e4ikeseelektrijaamade vaskkaableid. Paldiskist varastati neid 15 kilomeetri jagu"},"content":{"rendered":"<p>10. m\u00e4rtsil teatati politseile, et Paldiskis tungiti p\u00e4ikeseelektrijaama territooriumile ning varastati elektrijaama toimimiseks vajalikke vaskkaableid. Esialgu hinnati kahjuks ligi 13 000 eurot.<\/p>\n<p>Kogukonnaprokur\u00f6r Laura Liisa M\u00f6lder s\u00f5nas, et P\u00f5hja prefektuur alustas asjas kriminaalmenetlust. \u201eEsialgsetel andmetel tungiti 1,5 n\u00e4dala jooksul korduvalt p\u00e4ikeseelektrijaama territooriumile ning varastati ligi 15 kilomeetri jagu kaableid,\u201c m\u00e4rkis M\u00f6lder. <\/p>\n<p>Oled juba tellija?Logi sisse<\/p>\n<p><a href=\"https:\/\/www.delfi.ee\/artikkel\/120442658\/vargad-himustavad-paikeseelektrijaamade-vaskkaableid-paldiskist-varastati-neid-15-kilomeetri-jagu\/kommentaarid\" class=\"article-body-bottom__comment article-body-bottom__comment--write button button--primary button--size-auto\" rel=\"nofollow noopener\" target=\"_blank\"> Kommenteeri <\/a><a href=\"https:\/\/www.delfi.ee\/artikkel\/120442658\/vargad-himustavad-paikeseelektrijaamade-vaskkaableid-paldiskist-varastati-neid-15-kilomeetri-jagu\/kommentaarid\" class=\"article-body-bottom__comment article-body-bottom__comment--read button button--size-auto\" rel=\"nofollow noopener\" target=\"_blank\"> Loe kommentaare (30)<\/a><\/p>\n","protected":false},"excerpt":{"rendered":"10. m\u00e4rtsil teatati politseile, et Paldiskis tungiti p\u00e4ikeseelektrijaama territooriumile ning varastati elektrijaama toimimiseks vajalikke vaskkaableid. Esialgu hinnati kahjuks&hellip;\n","protected":false},"author":2,"featured_media":131024,"comment_status":"","ping_status":"","sticky":false,"template":"","format":"standard","meta":{"footnotes":"","_share_on_mastodon":"0"},"categories":[12],"tags":[26,27,37,33,35,34,36,31,32,21,59627,28,29,19,4396,25,9558,23,24,22,20,30],"class_list":["post-131023","post","type-post","status-publish","format-standard","has-post-thumbnail","category-eesti","tag-breaking-news","tag-breakingnews","tag-ee","tag-eesti","tag-eesti-keel","tag-estonia","tag-estonian","tag-featured-news","tag-featurednews","tag-headlines","tag-kc-energy","tag-latest-news","tag-latestnews","tag-news","tag-paikesepark","tag-populaarseimad-lood","tag-sunly","tag-top-stories","tag-topstories","tag-uldised-uudised","tag-uudised","tag-viimased-uudised"],"share_on_mastodon":{"url":"https:\/\/pubeurope.com\/@ee\/116242785434153235","error":""},"_links":{"self":[{"href":"https:\/\/www.europesays.com\/ee\/wp-json\/wp\/v2\/posts\/131023","targetHints":{"allow":["GET"]}}],"collection":[{"href":"https:\/\/www.europesays.com\/ee\/wp-json\/wp\/v2\/posts"}],"about":[{"href":"https:\/\/www.europesays.com\/ee\/wp-json\/wp\/v2\/types\/post"}],"author":[{"embeddable":true,"href":"https:\/\/www.europesays.com\/ee\/wp-json\/wp\/v2\/users\/2"}],"replies":[{"embeddable":true,"href":"https:\/\/www.europesays.com\/ee\/wp-json\/wp\/v2\/comments?post=131023"}],"version-history":[{"count":0,"href":"https:\/\/www.europesays.com\/ee\/wp-json\/wp\/v2\/posts\/131023\/revisions"}],"wp:featuredmedia":[{"embeddable":true,"href":"https:\/\/www.europesays.com\/ee\/wp-json\/wp\/v2\/media\/131024"}],"wp:attachment":[{"href":"https:\/\/www.europesays.com\/ee\/wp-json\/wp\/v2\/media?parent=131023"}],"wp:term":[{"taxonomy":"category","embeddable":true,"href":"https:\/\/www.europesays.com\/ee\/wp-json\/wp\/v2\/categories?post=131023"},{"taxonomy":"post_tag","embeddable":true,"href":"https:\/\/www.europesays.com\/ee\/wp-json\/wp\/v2\/tags?post=131023"}],"curies":[{"name":"wp","href":"https:\/\/api.w.org\/{rel}","templated":true}]}}