{"id":131025,"date":"2026-03-17T05:16:07","date_gmt":"2026-03-17T05:16:07","guid":{"rendered":"https:\/\/www.europesays.com\/ee\/131025\/"},"modified":"2026-03-17T05:16:07","modified_gmt":"2026-03-17T05:16:07","slug":"asendusopetajana-tegutsemine-voimaldab-rohkem-teenida-eesti","status":"publish","type":"post","link":"https:\/\/www.europesays.com\/ee\/131025\/","title":{"rendered":"Asendus\u00f5petajana tegutsemine v\u00f5imaldab rohkem teenida | Eesti"},"content":{"rendered":"<p>Koolidele ja lasteaedadele MT\u00dc AS\u00d5P platvormi kaudu pakutavad asendus\u00f5petajad saavad tava\u00f5petajast k\u00f5rgemat tunnipalka, samal ajal p\u00e4\u00e4seb lasteaia asendus\u00f5petajaks ka n\u00e4iteks k\u00f5rgharidust omamata.<\/p>\n<p>Lasteaia\u00f5petajate asendusprogrammiga on AS\u00d5P-i asendus\u00f5petajate programmi juhi Gerli Neppi s\u00f5nul liitunud 154 lasteaeda. Keskmiselt asendatakse \u00fches kuus lasteaedades \u00f5petajaid umbes 3000 tunni jagu ning iga kuu k\u00e4ib programmist l\u00e4bi keskmiselt 150 asendus\u00f5petajat.<\/p>\n<p>Asendus\u00f5petaja v\u00f5ib lasteaias t\u00f6\u00f6tada kuni 35 tundi n\u00e4dalas ning nende brutotasu on 16,42 eurot tunnis. Kui arvestada \u00f5petaja miinimumpalka, mis on 2026. aastal 1970\u00a0eurot kuus, teenivad asendus\u00f5petajad \u00f5petajatest tunnis enam kui neli eurot rohkem.<\/p>\n<p>Kuigi AS\u00d5P-i kodulehel on kirjas, et lasteaedadesse oodatakse asendus\u00f5petajateks vaid inimesi, kellel on k\u00f5rgharidus v\u00f5i omandamisel pedagoogiline haridus, ei vasta see p\u00e4ris t\u00f5ele.<\/p>\n<p>Neppi s\u00f5nul v\u00f5etakse programmi vastu ka \u00fcksk\u00f5ik millisel alal k\u00f5rgharidust omandavad inimesed. Selliseid asendus\u00f5petajaid on programmis osalejatest neli protsenti.<\/p>\n<p>&#8220;2024. aasta novembris avasime infos\u00fcsteemi. Selle k\u00e4ivitamise faasis oli meie jaoks oluline, et andmebaasis oleks piisav arv inimesi, et saaksime \u00f5ppeasutustele reaalselt toeks olla ja aidata katta asendusvajadusi olukorras, kus Eestis on suur \u00f5petajate puudus. Seet\u00f5ttu oli v\u00f5imalik programmi kandideerida ka juhul, kui inimene oli alles omandamas k\u00f5rgharidust, s\u00f5ltumata erialast,&#8221; s\u00f5nas Neppi.<\/p>\n<p>Sellistele isikutele tehakse Neppi s\u00f5nul p\u00f5hjalik taustauuring: varasem lastega t\u00f6\u00f6tamise kogemus, l\u00e4bitud pedagoogilised koolitused.<\/p>\n<p>ERR-iga r\u00e4\u00e4kis \u00fcks programmis osaleja, kes on omandamas mitteerialast k\u00f5rgharidust ning kel varasemat kokkupuudet haridusvaldkonnas t\u00f6\u00f6tamisest pole. Asendus\u00f5petajaks kandideeris ta eelmise aasta suvel.<\/p>\n<p>Tema s\u00f5nul oli vastuv\u00f5tuprotsess \u00fcllatavalt kiire ja pinnapealne, n\u00e4iteks k\u00fcsiti temalt ilma videota neljaminutilises k\u00f5nes, kui suur on ta empaatiav\u00f5ime ning kuidas ta seda k\u00fcmne palli s\u00fcsteemis hindaks.<\/p>\n<p>Edaspidi isikul kokkupuudet AS\u00d5P-i korraldustiimiga olnud pole.<\/p>\n<p>Lisaks sellele on programmis tehtud erandeid kandidaatidele, kellel ei ole k\u00f5rgharidus omandamisel.<\/p>\n<p>&#8220;Lasteaedade puhul oleme teinud ka \u00fcksikuid erandeid kandidaatidele, kellel on keskharidus, kuid on l\u00e4binud v\u00e4hemalt 150 tundi pedagoogilist v\u00e4lja\u00f5pet ning kellel on v\u00e4hemalt aasta kogemust lastega t\u00f6\u00f6tamisel,&#8221; \u00fctles Neppi.<\/p>\n<p>Selliseid isikuid on AS\u00d5P-i registris kaheksa.<\/p>\n<p>Lisaks sellele ei tohi lasteaia asendus\u00f5petajatel olla lastega t\u00f6\u00f6tamise keeldu. Neppi s\u00f5nul tehakse selle t\u00f5estamiseks karistusregistrisse programmi v\u00f5tmisel p\u00e4ring ning lisaks tehakse igakuist korduskontrolli, et olukord poleks muutunud.<\/p>\n<p>Neppi r\u00f5hutas ERR-ile, et l\u00f5plik otsustamis\u00f5igus j\u00e4\u00e4b siiski lasteaedadele.<\/p>\n<p>&#8220;\u00d5ppeasutused n\u00e4evad s\u00fcsteemis asendus\u00f5petaja profiili, sealhulgas tema hariduslikku tausta, kogemust ja motivatsioonikirjeldust ning saavad selle p\u00f5hjal otsustada, kas kandidaat vastab nende ootustele,&#8221; \u00fctles Neppi.<\/p>\n<p>AS\u00d5P-i n\u00f5ukogusse kuulub SA Heateo juht Pirkko Valge, Helmes AS-i partner Ove Muuk ja Eesti linnade ja valdade liidu arendusjuht Ott Kasuri.<\/p>\n<p>2017. aastal loodud AS\u00d5P on 2021-2027 haridus- ja teadusministeeriumi strateegiline partner, aastatel 2021-2023 COVID-19 kriisi leevendamisel, alates 2023. aasta s\u00fcgisest eestikeelsele haridusele \u00fcleminekul.<\/p>\n","protected":false},"excerpt":{"rendered":"Koolidele ja lasteaedadele MT\u00dc AS\u00d5P platvormi kaudu pakutavad asendus\u00f5petajad saavad tava\u00f5petajast k\u00f5rgemat tunnipalka, samal ajal p\u00e4\u00e4seb lasteaia asendus\u00f5petajaks&hellip;\n","protected":false},"author":2,"featured_media":131026,"comment_status":"","ping_status":"","sticky":false,"template":"","format":"standard","meta":{"footnotes":"","_share_on_mastodon":"0"},"categories":[14],"tags":[131,59628,59629,130,37,33,35,34,36,59630,7417],"class_list":["post-131025","post","type-post","status-publish","format-standard","has-post-thumbnail","category-ari","tag-ari","tag-asendusopetajad","tag-asop","tag-business","tag-ee","tag-eesti","tag-eesti-keel","tag-estonia","tag-estonian","tag-gerli-neppi","tag-lasteaed"],"share_on_mastodon":{"url":"https:\/\/pubeurope.com\/@ee\/116242820898829738","error":""},"_links":{"self":[{"href":"https:\/\/www.europesays.com\/ee\/wp-json\/wp\/v2\/posts\/131025","targetHints":{"allow":["GET"]}}],"collection":[{"href":"https:\/\/www.europesays.com\/ee\/wp-json\/wp\/v2\/posts"}],"about":[{"href":"https:\/\/www.europesays.com\/ee\/wp-json\/wp\/v2\/types\/post"}],"author":[{"embeddable":true,"href":"https:\/\/www.europesays.com\/ee\/wp-json\/wp\/v2\/users\/2"}],"replies":[{"embeddable":true,"href":"https:\/\/www.europesays.com\/ee\/wp-json\/wp\/v2\/comments?post=131025"}],"version-history":[{"count":0,"href":"https:\/\/www.europesays.com\/ee\/wp-json\/wp\/v2\/posts\/131025\/revisions"}],"wp:featuredmedia":[{"embeddable":true,"href":"https:\/\/www.europesays.com\/ee\/wp-json\/wp\/v2\/media\/131026"}],"wp:attachment":[{"href":"https:\/\/www.europesays.com\/ee\/wp-json\/wp\/v2\/media?parent=131025"}],"wp:term":[{"taxonomy":"category","embeddable":true,"href":"https:\/\/www.europesays.com\/ee\/wp-json\/wp\/v2\/categories?post=131025"},{"taxonomy":"post_tag","embeddable":true,"href":"https:\/\/www.europesays.com\/ee\/wp-json\/wp\/v2\/tags?post=131025"}],"curies":[{"name":"wp","href":"https:\/\/api.w.org\/{rel}","templated":true}]}}