{"id":131045,"date":"2026-03-17T06:02:09","date_gmt":"2026-03-17T06:02:09","guid":{"rendered":"https:\/\/www.europesays.com\/ee\/131045\/"},"modified":"2026-03-17T06:02:09","modified_gmt":"2026-03-17T06:02:09","slug":"koik-haiglad-aprillist-uut-emo-tookorraldust-ei-rakenda-eesti","status":"publish","type":"post","link":"https:\/\/www.europesays.com\/ee\/131045\/","title":{"rendered":"K\u00f5ik haiglad aprillist uut EMO t\u00f6\u00f6korraldust ei rakenda | Eesti"},"content":{"rendered":"<p>Sotsiaalministeerium tahab EMO-dele anda 1. aprillist \u00f5iguse saata patsiendid p\u00e4rast esmast hindamist tagasi koju, kui tundub, et nad ei vaja erakorralist abi. K\u00f5ik haiglad alates aprillist muudatust oma t\u00f6\u00f6korralduses rakendada ei plaani.<\/p>\n<p>Kui praegu suundub inimene oma tervisemurega n\u00e4iteks Tartu \u00dclikooli kliinikumi erakorralise meditsiini osakonda (EMO), siis v\u00f5tab teda vastu triaa\u017ei\u00f5de, kes m\u00f5\u00f5dab ja vaatab \u00fcle patsiendi elulised n\u00e4itajad, kuulab \u00e4ra mure ning kogutud info p\u00f5hjal m\u00e4\u00e4rab \u00e4ra, kui kiireloomulise probleemiga tegemist on, r\u00e4\u00e4kis kliinikumi EMO \u00f5endusjuht Mari Teugjas-Koit.<\/p>\n<p>Seej\u00e4rel suunatakse patsient vastavalt triaa\u017eikategooriale n\u00e4iteks ootealasse ning kui patsiendi seisund pole erakorraline, n\u00f5ustavad teda \u00f5ed. &#8220;Ja v\u00f5ib olla olukord, kus nad siis suunavad patsiendi kas perearstile v\u00f5i koju, et saab ilusti koduste vahenditega ennast edasi ravida. Kriitilisemad haiged l\u00e4hevad erinevatesse ravitsoonidesse, j\u00e4lgimisruumidesse,&#8221; selgitas Teugjas-Koit.<\/p>\n<p>Seega ei saadeta praegu n\u00e4iteks kliinikumi EMO triaa\u017ei\u00f5e esmase hinnangu p\u00f5hjal kedagi tagasi koju.<\/p>\n<p>Sotsiaalministeeriumis valminud m\u00e4\u00e4ruse eeln\u00f5u v\u00f5imaldab aga alates 1. aprillist EMO triaa\u017eist koju tagasi saata neid patsiente, kellel esmahinnangu p\u00f5hjal erakorralist abi vaja ei ole ja kes oma kaebustele saavad abi n\u00e4iteks apteegist v\u00f5i perearstikeskusest.\u00a0<\/p>\n<p>Sotsiaalministri Karmen Jolleri s\u00f5nul on muudatuse eesm\u00e4rk pakkuda erakorralist kiiret abi neile, kes seda p\u00e4riselt vajavad.<\/p>\n<p>&#8220;Inimesed teinekord p\u00e4ris raske terviseh\u00e4irega v\u00f5i tugeva valuga ootavad tunde ja tunde EMO-s, samas kui nendega t\u00e4pselt samas j\u00e4rjekorras on ka need inimesed, kes v\u00f5ib-olla ei vaja \u00fcldse EMO teenust, n\u00e4iteks kui on alanud kerge nohu v\u00f5i h\u00e4iriv putukahammastus v\u00f5i tahavad retseptipikendust. H\u00e4sti oluline on see, et need raskemas seisus inimesed saaksid kiiremini abi,&#8221; r\u00e4\u00e4kis Joller.<\/p>\n<p>Minister lisas, et kavandatav muudatus on EMO-dele v\u00f5imalus, mitte kohustus. Haiglal s\u00e4ilib v\u00f5imalus j\u00e4tkata ka senist korraldust, kus ka mitte nii kiireloomulised patsiendid suunatakse p\u00e4rast triaa\u017ei eri\u00f5e v\u00f5i arsti vastuv\u00f5tule.<\/p>\n<p>Tartu \u00dclikooli kliinikumi juhatuse liikme Saima Hinno s\u00f5nul kliinikumi EMO-s peale 1. aprilli muudatusi ei tule ja t\u00f6\u00f6 j\u00e4tkub praeguse praktika alusel.<\/p>\n<p>&#8220;See v\u00f5imalus seal on, aga n\u00fc\u00fcd ongi see, et me peame m\u00f5tlema, mis on selle triaa\u017ei eesm\u00e4rk ennek\u00f5ike. Kindlasti peab arvestama sellega, et triaa\u017e ei saa olla see koht, kus toimub patsiendi n\u00f5ustamine, siis ei ole tegemist triaa\u017eiga,&#8221; lausus Hinno.<\/p>\n<p>Ka P\u00e4rnu haigla EMO t\u00f6\u00f6korraldusse aprillikuu muudatusi ei too. Haigla juhatuse esimehe Urmas Sule s\u00f5nul on triaa\u017ei m\u00f5te ka praegu v\u00e4lja selgitada, kas ja kui kiiret erakorralist abi patsient vajab.<\/p>\n<p>&#8220;Meie moel v\u00f5i teisel oleme selle triaa\u017eiga siin juba aastaid tegelenud ja tulemuseks on see, et P\u00e4rnu haiglas tegelikult nende nn roheliste patsientide hulk, kelle abi v\u00f5ib oodata tunde, on stabiilselt v\u00e4henenud ja sinised patsiendid ehk need patsiendid, kes v\u00f5ib-olla ei peakski EMO-s abi saama, on praktiliselt seal nullil\u00e4hedane,&#8221; m\u00e4rkis Sule.<\/p>\n<p>P\u00f5hja-Eesti regionaalhaigla erakorralise meditsiini keskuse juhataja doktor Marit M\u00e4rk \u00fctles aga kirjalikus kommentaaris ERR-ile, et m\u00e4\u00e4ruse kujul on tegemist oodatud muudatusega, mis annab regionaalhaiglale kui suurima p\u00f6\u00f6rdumiste arvuga EMO-le v\u00f5imaluse suunata v\u00e4ltimatut abi mittevajavad patsiendid sobivamale raviteekonnale.<\/p>\n<p>M\u00e4rk r\u00e4\u00e4kis, et nn sinise ja rohelise triaa\u017eikategooriaga patsiendid moodustavad\u00a0 P\u00f5hja-Eesti regionaalhaiglas umbes 50 protsenti k\u00f5igist EMO p\u00f6\u00f6rdumistest, neist omakorda hinnanguliselt ligi kolmandik ei vaja aga erakorralist sekkumist ja v\u00f5iksid abi saada esmatasandilt v\u00f5i perearsti n\u00f5uandeliinilt 1220.<\/p>\n<p>Joller lisas, et EMO triaa\u017ei\u00f5ed on h\u00e4sti kogenud \u00f5ed, kes saavad oma t\u00f6\u00f6ga hakkama<\/p>\n<p>&#8220;Iga inimene, kes p\u00f6\u00f6rdub EMO-sse, saab ikkagi konsultatsiooni, v\u00e4hemalt siis selles osas, kas tegemist on ohtliku olukorraga, mis vajab EMO k\u00e4sitlust v\u00f5i piisab n\u00e4iteks sellest, kui ta l\u00e4heb apteeki,&#8221; selgitas Joller.<\/p>\n","protected":false},"excerpt":{"rendered":"Sotsiaalministeerium tahab EMO-dele anda 1. aprillist \u00f5iguse saata patsiendid p\u00e4rast esmast hindamist tagasi koju, kui tundub, et nad&hellip;\n","protected":false},"author":2,"featured_media":131046,"comment_status":"","ping_status":"","sticky":false,"template":"","format":"standard","meta":{"footnotes":"","_share_on_mastodon":"0"},"categories":[12],"tags":[26,27,37,33,35,565,34,36,31,32,21,1793,28,29,19,354,3779,25,3827,23,24,22,15108,20,59643,30],"class_list":["post-131045","post","type-post","status-publish","format-standard","has-post-thumbnail","category-eesti","tag-breaking-news","tag-breakingnews","tag-ee","tag-eesti","tag-eesti-keel","tag-emo","tag-estonia","tag-estonian","tag-featured-news","tag-featurednews","tag-headlines","tag-karmen-joller","tag-latest-news","tag-latestnews","tag-news","tag-parnu-haigla","tag-pohja-eesti-regionaalhaigla","tag-populaarseimad-lood","tag-tartu-ulikooli-kliinikum","tag-top-stories","tag-topstories","tag-uldised-uudised","tag-urmas-sule","tag-uudised","tag-valtimatu-arstiabi","tag-viimased-uudised"],"share_on_mastodon":{"url":"https:\/\/pubeurope.com\/@ee\/116243001751640392","error":""},"_links":{"self":[{"href":"https:\/\/www.europesays.com\/ee\/wp-json\/wp\/v2\/posts\/131045","targetHints":{"allow":["GET"]}}],"collection":[{"href":"https:\/\/www.europesays.com\/ee\/wp-json\/wp\/v2\/posts"}],"about":[{"href":"https:\/\/www.europesays.com\/ee\/wp-json\/wp\/v2\/types\/post"}],"author":[{"embeddable":true,"href":"https:\/\/www.europesays.com\/ee\/wp-json\/wp\/v2\/users\/2"}],"replies":[{"embeddable":true,"href":"https:\/\/www.europesays.com\/ee\/wp-json\/wp\/v2\/comments?post=131045"}],"version-history":[{"count":0,"href":"https:\/\/www.europesays.com\/ee\/wp-json\/wp\/v2\/posts\/131045\/revisions"}],"wp:featuredmedia":[{"embeddable":true,"href":"https:\/\/www.europesays.com\/ee\/wp-json\/wp\/v2\/media\/131046"}],"wp:attachment":[{"href":"https:\/\/www.europesays.com\/ee\/wp-json\/wp\/v2\/media?parent=131045"}],"wp:term":[{"taxonomy":"category","embeddable":true,"href":"https:\/\/www.europesays.com\/ee\/wp-json\/wp\/v2\/categories?post=131045"},{"taxonomy":"post_tag","embeddable":true,"href":"https:\/\/www.europesays.com\/ee\/wp-json\/wp\/v2\/tags?post=131045"}],"curies":[{"name":"wp","href":"https:\/\/api.w.org\/{rel}","templated":true}]}}