{"id":131288,"date":"2026-03-17T11:28:06","date_gmt":"2026-03-17T11:28:06","guid":{"rendered":"https:\/\/www.europesays.com\/ee\/131288\/"},"modified":"2026-03-17T11:28:06","modified_gmt":"2026-03-17T11:28:06","slug":"filmiajakirjanike-uhing-kuulutas-valja-neitsi-maali-nominendid-film","status":"publish","type":"post","link":"https:\/\/www.europesays.com\/ee\/131288\/","title":{"rendered":"Filmiajakirjanike \u00fching kuulutas v\u00e4lja Neitsi Maali nominendid | Film"},"content":{"rendered":"<p>M\u00e4rtsi l\u00f5pus annab Eesti Filmiajakirjanike \u00dching v\u00e4lja parima kodumaise filmi preemia ehk Neitsi Maali Auhinna. T\u00e4navu 33. korda \u00fcle antavale tunnustusele on nomineeritud viis mullust linateost.<\/p>\n<p>Kandidaadid on:<\/p>\n<ul>\n<li>&#8220;Fr\u00e4nk&#8221;, lavastaja T\u00f5nis Pill<\/li>\n<li>&#8220;Kikilipsuga m\u00e4ssaja&#8221;, lavastaja Jaan Tootsen<\/li>\n<li>&#8220;Minu pere ja muud klounid&#8221;, lavastajad Heilika Pikkov ja Liina S\u00e4rkinen<\/li>\n<li>&#8220;Pikad paberid&#8221;, lavastaja Meel Paliale<\/li>\n<li>&#8220;Torn&#8221;, lavastaja Kullar Viimne<\/li>\n<\/ul>\n<p>&#8220;T\u00e4navusi kandidaate seob eelk\u00f5ige s\u00fcgav inimlik huvi oma erinevatest p\u00f5lvkondadest tegelaste vastu, olgu keskmes siis linnanoored, maalapsed v\u00f5i vabariigi president,&#8221; \u00fctles Eesti Filmiajakirjanike \u00dchingu juhatuse esimees Andrei Liimets.<\/p>\n<p>Neitsi Maali v\u00f5itja kuulutatakse v\u00e4lja Leida Laiuse s\u00fcnnip\u00e4eval, 26. m\u00e4rtsil, koos aasta levifilmi ja aasta filmiajakirjaniku preemiatega.<\/p>\n<p>Eesti k\u00f5ige vanemat filmiauhinda Neitsi Maalit antakse v\u00e4lja alates 1993. aastast. V\u00f5itja valib Eesti Filmiajakirjanike \u00dching, mis koondab Eestis tegutsevaid filmiajakirjanikke.<\/p>\n","protected":false},"excerpt":{"rendered":"M\u00e4rtsi l\u00f5pus annab Eesti Filmiajakirjanike \u00dching v\u00e4lja parima kodumaise filmi preemia ehk Neitsi Maali Auhinna. T\u00e4navu 33. korda&hellip;\n","protected":false},"author":2,"featured_media":131289,"comment_status":"","ping_status":"","sticky":false,"template":"","format":"standard","meta":{"footnotes":"","_share_on_mastodon":"0"},"categories":[16],"tags":[37,33,35,173,34,36,8467,36713,140,4479,19083,2686],"class_list":["post-131288","post","type-post","status-publish","format-standard","has-post-thumbnail","category-meelelahutus","tag-ee","tag-eesti","tag-eesti-keel","tag-entertainment","tag-estonia","tag-estonian","tag-frank","tag-kikilipsuga-massaja","tag-meelelahutus","tag-minu-pere-ja-muud-klounid","tag-pikad-paberid","tag-torn"],"share_on_mastodon":{"url":"https:\/\/pubeurope.com\/@ee\/116244283675200016","error":""},"_links":{"self":[{"href":"https:\/\/www.europesays.com\/ee\/wp-json\/wp\/v2\/posts\/131288","targetHints":{"allow":["GET"]}}],"collection":[{"href":"https:\/\/www.europesays.com\/ee\/wp-json\/wp\/v2\/posts"}],"about":[{"href":"https:\/\/www.europesays.com\/ee\/wp-json\/wp\/v2\/types\/post"}],"author":[{"embeddable":true,"href":"https:\/\/www.europesays.com\/ee\/wp-json\/wp\/v2\/users\/2"}],"replies":[{"embeddable":true,"href":"https:\/\/www.europesays.com\/ee\/wp-json\/wp\/v2\/comments?post=131288"}],"version-history":[{"count":0,"href":"https:\/\/www.europesays.com\/ee\/wp-json\/wp\/v2\/posts\/131288\/revisions"}],"wp:featuredmedia":[{"embeddable":true,"href":"https:\/\/www.europesays.com\/ee\/wp-json\/wp\/v2\/media\/131289"}],"wp:attachment":[{"href":"https:\/\/www.europesays.com\/ee\/wp-json\/wp\/v2\/media?parent=131288"}],"wp:term":[{"taxonomy":"category","embeddable":true,"href":"https:\/\/www.europesays.com\/ee\/wp-json\/wp\/v2\/categories?post=131288"},{"taxonomy":"post_tag","embeddable":true,"href":"https:\/\/www.europesays.com\/ee\/wp-json\/wp\/v2\/tags?post=131288"}],"curies":[{"name":"wp","href":"https:\/\/api.w.org\/{rel}","templated":true}]}}