{"id":131339,"date":"2026-03-17T12:26:10","date_gmt":"2026-03-17T12:26:10","guid":{"rendered":"https:\/\/www.europesays.com\/ee\/131339\/"},"modified":"2026-03-17T12:26:10","modified_gmt":"2026-03-17T12:26:10","slug":"kunagine-maailma-39-reket-sai-dopingukaristuse-tennis","status":"publish","type":"post","link":"https:\/\/www.europesays.com\/ee\/131339\/","title":{"rendered":"Kunagine maailma 39. reket sai dopingukaristuse | Tennis"},"content":{"rendered":"<p>Kunagi maailma 50 parema m\u00e4ngija hulka kuulunud Austraalia tennisistile Marinko Matosevicile m\u00e4\u00e4rati dopingureeglite rikkumise eest nelja aasta pikkune spordis tegutsemise keeld.<\/p>\n<p>Tennises puhtuse eest seisev \u00fchendus ITIA andis teada, et aastatel 2018-2020 sooritas Matosevic viis dopingureeglite rikkumist: m\u00e4ngijana veredopingu kasutamine ja teisele m\u00e4ngijale veredopingu manustamise kaasaitamine; samuti andis ta kaasm\u00e4ngijale n\u00f5u, kuidas hoiduda positiivsest proovist ning omas ja kasutas keelatud ainet klenbuterooli.<\/p>\n<p>Matosevic j\u00f5udis 2013. aastal meeste tennise maailma edetabelis oma karj\u00e4\u00e4ri k\u00f5rgeimale ehk 39. kohale, aga suurturniiridel ta kaugele ei p\u00e4\u00e4senud. Ta j\u00f5udis ka korra ATP 250 taseme turniiri finaali, aga kaotas selle.<\/p>\n<p>Matosevic tunnistas vere\u00fclekande toimumist. &#8220;Olin enda k\u00e4itumisest t\u00fclgastunud ja l\u00f5petasin karj\u00e4\u00e4ri j\u00e4rgneval n\u00e4dalal 32 ja poole aastaselt,&#8221; lausus austraallane. &#8220;M\u00f5istsin, kui kallis on elu ja kui t\u00f5sine ja hoolimatu oli minu otsus. Ma ei tegelenud peaaegu kaks aastat \u00fcldse tennisega ja kolm aastat profitennisega.&#8221;<\/p>\n<p>Samas kritiseeris Matosevic ITIA meetodeid, mis p\u00f5hinesid tekstis\u00f5numitel ja leidis, et tennise dopinguvastased s\u00fcsteemid tuleb lammutada. &#8220;Tribunal l\u00fckkas tagasi Matosevici avalikud s\u00fc\u00fcdistused ITIA uurimisprotsessi terviklikkuse kohta kui alusetud ning et ITIA tegutses antud volituste piires,&#8221; seisis ITIA esmasp\u00e4eval avaldatud teates.<\/p>\n","protected":false},"excerpt":{"rendered":"Kunagi maailma 50 parema m\u00e4ngija hulka kuulunud Austraalia tennisistile Marinko Matosevicile m\u00e4\u00e4rati dopingureeglite rikkumise eest nelja aasta pikkune&hellip;\n","protected":false},"author":2,"featured_media":131340,"comment_status":"","ping_status":"","sticky":false,"template":"","format":"standard","meta":{"footnotes":"","_share_on_mastodon":"0"},"categories":[18],"tags":[6009,37,33,35,34,36,59719,59720,159,158],"class_list":["post-131339","post","type-post","status-publish","format-standard","has-post-thumbnail","category-sport","tag-doping","tag-ee","tag-eesti","tag-eesti-keel","tag-estonia","tag-estonian","tag-itia","tag-marinko-matosevic","tag-sport","tag-sports"],"share_on_mastodon":{"url":"https:\/\/pubeurope.com\/@ee\/116244511754998871","error":""},"_links":{"self":[{"href":"https:\/\/www.europesays.com\/ee\/wp-json\/wp\/v2\/posts\/131339","targetHints":{"allow":["GET"]}}],"collection":[{"href":"https:\/\/www.europesays.com\/ee\/wp-json\/wp\/v2\/posts"}],"about":[{"href":"https:\/\/www.europesays.com\/ee\/wp-json\/wp\/v2\/types\/post"}],"author":[{"embeddable":true,"href":"https:\/\/www.europesays.com\/ee\/wp-json\/wp\/v2\/users\/2"}],"replies":[{"embeddable":true,"href":"https:\/\/www.europesays.com\/ee\/wp-json\/wp\/v2\/comments?post=131339"}],"version-history":[{"count":0,"href":"https:\/\/www.europesays.com\/ee\/wp-json\/wp\/v2\/posts\/131339\/revisions"}],"wp:featuredmedia":[{"embeddable":true,"href":"https:\/\/www.europesays.com\/ee\/wp-json\/wp\/v2\/media\/131340"}],"wp:attachment":[{"href":"https:\/\/www.europesays.com\/ee\/wp-json\/wp\/v2\/media?parent=131339"}],"wp:term":[{"taxonomy":"category","embeddable":true,"href":"https:\/\/www.europesays.com\/ee\/wp-json\/wp\/v2\/categories?post=131339"},{"taxonomy":"post_tag","embeddable":true,"href":"https:\/\/www.europesays.com\/ee\/wp-json\/wp\/v2\/tags?post=131339"}],"curies":[{"name":"wp","href":"https:\/\/api.w.org\/{rel}","templated":true}]}}