{"id":131611,"date":"2026-03-17T17:51:06","date_gmt":"2026-03-17T17:51:06","guid":{"rendered":"https:\/\/www.europesays.com\/ee\/131611\/"},"modified":"2026-03-17T17:51:06","modified_gmt":"2026-03-17T17:51:06","slug":"usa-korge-julgeolekuametnik-lahkus-protestiks-toolt-sudametunnistus-ei-luba-trumpi-soda-toetada","status":"publish","type":"post","link":"https:\/\/www.europesays.com\/ee\/131611\/","title":{"rendered":"USA k\u00f5rge julgeolekuametnik lahkus protestiks t\u00f6\u00f6lt: s\u00fcdametunnistus ei luba Trumpi s\u00f5da toetada"},"content":{"rendered":"<p>Sotsiaalmeedias tehtud avalduses m\u00e4rkis Kent, et Iraan ei kujutanud endast enne s\u00f5ja algust USA-le otsest h\u00e4daohtu. \u201eOn selge, et me alustasime seda s\u00f5da t\u00e4nu Iisraeli survele ja m\u00f5jukale Iisraeli-meelsele lobile USA-s,\u201c lisas Kent. Endise julgeolekujuhi s\u00f5nul ei luba s\u00fcdametunnistus tal enam Donald Trumpi administratsioonis j\u00e4tkata.<\/p>\n<p>Kent, kes on ka varasemalt v\u00e4ljendanud vastumeelsust USA s\u00f5jalisele sekkumisele v\u00e4lismaal, on esimene Trumpi administratsiooni k\u00f5rgeim ametnik, kes on Iraani s\u00f5ja t\u00f5ttu tagasi astunud. Ta t\u00f6\u00f6tas riikliku luure direktori Tulsi Gabbardi alluvuses ja nad olid poliitilised liitlased. Gabbard on alates Iraani s\u00f5ja algusest hoidnud madalat profiili.<\/p>\n<p>Lahkumiskirjas Trumpile kirjutab Joe Kent, et president on lasknud endale alates teisest ametiajast s\u00f6\u00f6ta valeinfot. \u201eAdministratsiooni algusest peale on k\u00f5rged Iisraeli ametnikud ja USA meedia m\u00f5jukad esindajad ellu viinud v\u00e4\u00e4rinfo kampaaniat, mis \u00f5\u00f5nestas t\u00e4ielikult teie platvormi \u201eAmeerika ennek\u00f5ike\u201c ja levitas s\u00f5da toetavaid vaateid, et \u00f5hutada s\u00f5da Iraani vastu,\u201c kirjutab Kent presidendile adresseeritud kirjas. \u201eSeda kajakambrit kasutati selleks, et panna teid pettusega uskuma, et Iraan oli USA-le otsene h\u00e4daoht ja et kui te kohe r\u00fcndate, siis on avatud selge tee kiire v\u00f5iduni. See oli vale ja sama taktika, mida Iisrael kasutas selleks, et t\u00f5mmata meid katastroofilisse Iraagi s\u00f5tta, mis n\u00f5udis tuhandete meie parimate meeste ja naiste elusid.\u201c<\/p>\n<p class=\"western\">Kent oli piisavalt k\u00f5rge ametnik, et vajas ametissekinnitamiseks senati n\u00f5usolekut. Juulis otsustas senat 52-44 h\u00e4\u00e4ltega ta ametisse nimetada. Demokraatidest kriitikute tollasel hinnangul oli tegu ideoloogilise Trumpi toetajaga, kellele heideti ette ka parem\u00e4\u00e4rmuslike vanden\u00f5uteooriate levitamist. NCTC juhina allus ta luurekoordinaatori (DNI) Tulsi Gabbardi b\u00fcroole, kellele on tehtud samasuguseid etteheiteid. Kampaania ajal toetas Gabbard praegust presidenti p\u00f5hjendusega, et see suhtub eitavalt v\u00e4lismaal uute s\u00f5dade alustamisse. Tema b\u00fcroo ei kommenteerinud esialgu Kenti tagasiastumist.<\/p>\n<p> Valge Maja pressisekret\u00e4r <a rel=\"noopener nofollow\" target=\"_blank\" href=\"https:\/\/www.delfi.ee\/teema\/96867917\/karoline-leavitt\" tag-id=\"96867917\">Karoline Leavitt<\/a> kritiseeris Kenti ja kirjutas X-is avaldatud postituses, et Trumpil on tugevad ja veenvad t\u00f5endid selle kohta, et Iraan kavatses USA-d esimesena r\u00fcnnata. Sealjuures kirjeldas Leavitt absurdsena v\u00e4idet, et Trump tegi otsuse r\u00fcnnata Iraani v\u00e4lisriikide m\u00f5jule tuginedes, nimetades seda solvavaks ja naeruv\u00e4\u00e4rseks.<\/p>\n<p>Toimunut kommenteeris ka Trump, kes Kenti ametisse nimetas. Trump \u00fctles ajakirjanikele, et kuigi ta on alati pidanud Kenti toredaks meheks, on tema tagasiastumine Iraani s\u00f5ja vastu esitatud v\u00e4idete t\u00f5ttu hea asi. Ta lisas, et on Kenti t\u00f6\u00f6d terrorismivastase keskuse juhina pidanud alati kehvaks. \u201eOlen alati arvanud, et ta on tore kutt, aga arvasin alati, et ta on julgeoleku alal n\u00f5rk,\u201c teatas Trump. \u201eArvan, et on hea, et ta lahkus. K\u00f5ik riigid m\u00f5istavad, milline oht oli Iraan.\u201c<\/p>\n<p>Trump kordas, et Iraan oli ohtlik. \u201eKui keegi meiega koost\u00f6\u00f6d teeb ja \u00fctleb, et ta ei pidanud Iraani ohuks, siis me ei taha neid inimesi,\u201c \u00fctles Trump. \u201eNad ei ole targad inimesed v\u00f5i nad ei ole taibukad inimesed.\u201c<\/p>\n<p><a href=\"https:\/\/arvamus.delfi.ee\/artikkel\/120442550\/hans-h-luik-trump-kopeerib-bushi-soja-algust-et-voita-iraanis-ootamatult-nagu-presidendivalimistel#dalrel-in-article\" class=\"content-embedded-articles-single__embedded-article\" data-v-469265ed=\"\" rel=\"nofollow noopener\" target=\"_blank\"><\/p>\n<p> 16.03.2026 <\/p>\n<p> Hans H. Luik: Donald tormas s\u00f5tta, p\u00fc\u00fcdurdroonid j\u00e4id koju. Alistagu ta n\u00fc\u00fcd ajatollad  (159) <\/p>\n<p><\/a>Kuidas see lugu Sind end tundma pani? Saada <a href=\"https:\/\/www.delfi.ee\/artikkel\/120442925\/usa-terrorismivastase-voitluse-juht-astus-tagasi-usa-sojategevuse-tottu-iraanis\/kommentaarid\" class=\"article-body-bottom__comment article-body-bottom__comment--write button button--primary button--size-auto\" rel=\"nofollow noopener\" target=\"_blank\"> Kommenteeri <\/a><a href=\"https:\/\/www.delfi.ee\/artikkel\/120442925\/usa-terrorismivastase-voitluse-juht-astus-tagasi-usa-sojategevuse-tottu-iraanis\/kommentaarid\" class=\"article-body-bottom__comment article-body-bottom__comment--read button button--size-auto\" rel=\"nofollow noopener\" target=\"_blank\"> Loe kommentaare (20)<\/a><\/p>\n","protected":false},"excerpt":{"rendered":"Sotsiaalmeedias tehtud avalduses m\u00e4rkis Kent, et Iraan ei kujutanud endast enne s\u00f5ja algust USA-le otsest h\u00e4daohtu. \u201eOn selge,&hellip;\n","protected":false},"author":2,"featured_media":131612,"comment_status":"","ping_status":"","sticky":false,"template":"","format":"standard","meta":{"footnotes":"","_share_on_mastodon":"0"},"categories":[80],"tags":[26,27,324,37,33,35,34,36,31,32,21,1925,3303,28,29,95,19,25,23,24,22,20,1900,30,92,93,94],"class_list":["post-131611","post","type-post","status-publish","format-standard","has-post-thumbnail","category-maailm","tag-breaking-news","tag-breakingnews","tag-donald-trump","tag-ee","tag-eesti","tag-eesti-keel","tag-estonia","tag-estonian","tag-featured-news","tag-featurednews","tag-headlines","tag-iraan","tag-karoline-leavitt","tag-latest-news","tag-latestnews","tag-maailm","tag-news","tag-populaarseimad-lood","tag-top-stories","tag-topstories","tag-uldised-uudised","tag-uudised","tag-valge-maja","tag-viimased-uudised","tag-world","tag-world-news","tag-worldnews"],"share_on_mastodon":{"url":"https:\/\/pubeurope.com\/@ee\/116245789668468409","error":""},"_links":{"self":[{"href":"https:\/\/www.europesays.com\/ee\/wp-json\/wp\/v2\/posts\/131611","targetHints":{"allow":["GET"]}}],"collection":[{"href":"https:\/\/www.europesays.com\/ee\/wp-json\/wp\/v2\/posts"}],"about":[{"href":"https:\/\/www.europesays.com\/ee\/wp-json\/wp\/v2\/types\/post"}],"author":[{"embeddable":true,"href":"https:\/\/www.europesays.com\/ee\/wp-json\/wp\/v2\/users\/2"}],"replies":[{"embeddable":true,"href":"https:\/\/www.europesays.com\/ee\/wp-json\/wp\/v2\/comments?post=131611"}],"version-history":[{"count":0,"href":"https:\/\/www.europesays.com\/ee\/wp-json\/wp\/v2\/posts\/131611\/revisions"}],"wp:featuredmedia":[{"embeddable":true,"href":"https:\/\/www.europesays.com\/ee\/wp-json\/wp\/v2\/media\/131612"}],"wp:attachment":[{"href":"https:\/\/www.europesays.com\/ee\/wp-json\/wp\/v2\/media?parent=131611"}],"wp:term":[{"taxonomy":"category","embeddable":true,"href":"https:\/\/www.europesays.com\/ee\/wp-json\/wp\/v2\/categories?post=131611"},{"taxonomy":"post_tag","embeddable":true,"href":"https:\/\/www.europesays.com\/ee\/wp-json\/wp\/v2\/tags?post=131611"}],"curies":[{"name":"wp","href":"https:\/\/api.w.org\/{rel}","templated":true}]}}