{"id":131622,"date":"2026-03-17T18:03:21","date_gmt":"2026-03-17T18:03:21","guid":{"rendered":"https:\/\/www.europesays.com\/ee\/131622\/"},"modified":"2026-03-17T18:03:21","modified_gmt":"2026-03-17T18:03:21","slug":"otse-postimehest-%e2%9f%a9-katri-raik-ma-saan-olema-vaga-tulikas-opositsioonisaadik-postimees-tv","status":"publish","type":"post","link":"https:\/\/www.europesays.com\/ee\/131622\/","title":{"rendered":"OTSE POSTIMEHEST \u27e9 Katri Raik: ma saan olema v\u00e4ga t\u00fclikas opositsioonisaadik &#8211; Postimees TV"},"content":{"rendered":"<ol>\n<li><a href=\"https:\/\/news.google.com\/rss\/articles\/CBMiqAFBVV95cUxPYTJyZFM2Nk5FaHB5MmdJRUxiSG1kUmhqRUx3LTF3MXAzdlBjcEh6d1IwcFVEdENMT2Z3YVJGYm54V0J4clZIcFZncTBJcWNkS0pIenViSkpLMDlDU1VEZnVaaGlTaWJQUDNGclVEbjVvZXp3RnRvOVBxUGg2WHRaY2tJcGQ0TGltc1dIQXVOQm90UTI4TldqRFJ5b21uNEpmel9wZkF6eUY?oc=5\" target=\"_blank\" rel=\"nofollow noopener\">OTSE POSTIMEHEST \u27e9 Katri Raik: ma saan olema v\u00e4ga t\u00fclikas opositsioonisaadik<\/a>&nbsp;&nbsp;Postimees TV<\/li>\n<li><a href=\"https:\/\/news.google.com\/rss\/articles\/CBMipgFBVV95cUxNSXNMNWE4WHpEcGxmaUh5VERkU0ZFd3VpQ3JhcjVnMHFvek95ejdrb1poU291Z3ZNbmZXU3NWSkVYRTBxMFR0QmZ5am9iT0Fqc05oYVJhd0RxZVVmcEhlYXpiTXJENVJERXhWdHphU2NsOXg0NF90V1lSV0VtY0xLV29NZThIeUlXU3ZkSF9QRkpONEZtb3VsYzF0Nk9FTnZPNmhta3pn?oc=5\" target=\"_blank\" rel=\"nofollow noopener\">Indrek Tarand Narva v\u00f5imutsirkusest: \u201eKui heaga ei saa, siis saab kurjaga.\u201c<\/a>&nbsp;&nbsp;\u00d5htuleht<\/li>\n<li><a href=\"https:\/\/news.google.com\/rss\/articles\/CBMikAFBVV95cUxNNnJ0YVRRcVpoYy1sZXo1OWRfLW9uZ2lPWGJIc3dpck94VEJ3LXJGcVZ4VzhubGlseXBDNDR1VzcyekF3dHhYdGZtblZfVkZMRW5QS3NfR0ZrUUFKSTloTEd4b05qXzg2TXFyNXdLdEkyUG5tODExc3pKRURkQjdsWXgwT1JseksxenEtSDBES2U?oc=5\" target=\"_blank\" rel=\"nofollow noopener\">JUHTKIRI | Narva passioon ohustab julgeolekut<\/a>&nbsp;&nbsp;Delfi<\/li>\n<li><a href=\"https:\/\/news.google.com\/rss\/articles\/CBMiqgFBVV95cUxOYUZuSzB4UXNpWWh2TE5oeFdiQVlyYUFlV3lxbVlYQUFoNHdUdTgyUWc4cUpnb1RrUVUtQW5xUkNXcmh4clMtcjg5NnR3Uk14OUd2UjNSVlQzTHNVYnNoWG4ySUVWdHhzTmNvRzhmcjA1Unp2cFl6X2dyM00tY095N3hlcng4dDR1RXJyZDZhcTktMXZLRDRmQ1RoZFZrOEpzWjVSaWJUQVptUQ?oc=5\" target=\"_blank\" rel=\"nofollow noopener\">V\u00d5IMUTSIRKUS NARVAS J\u00c4TKUB! Jaan Toots: linnapea vahetus v\u00f5ib tulla aprillis<\/a>&nbsp;&nbsp;\u00d5htuleht<\/li>\n<li><a href=\"https:\/\/news.google.com\/rss\/articles\/CBMiiwFBVV95cUxNTnlCOUdiajlKMmw3YXpZQmV0aVd2MExzQ1NmemhpWV9mX25qUl9ZTGVIdWgzalpaUEZvQW1MXzl3ZWN0SlRDTWE2ZC1WZklXT1BLaUg1MHdjZDc3T0VQTWdsZVk4UlRLT2Fjd240cjZobVlvX0JycHptYzNYSUFQNmV3eFBCbmhtc05r?oc=5\" target=\"_blank\" rel=\"nofollow noopener\">Katri Raik: tegelikult on Urbo Vaarmann p\u00e4tt<\/a>&nbsp;&nbsp;Delfi<\/li>\n<\/ol>\n","protected":false},"excerpt":{"rendered":"OTSE POSTIMEHEST \u27e9 Katri Raik: ma saan olema v\u00e4ga t\u00fclikas opositsioonisaadik&nbsp;&nbsp;Postimees TV Indrek Tarand Narva v\u00f5imutsirkusest: \u201eKui heaga&hellip;\n","protected":false},"author":2,"featured_media":131623,"comment_status":"","ping_status":"","sticky":false,"template":"","format":"standard","meta":{"footnotes":"","_share_on_mastodon":"0"},"categories":[12],"tags":[26,27,37,33,35,34,36,31,32,21,12917,28,29,19,25,16962,48899,59392,23,24,22,20,12619,30],"class_list":["post-131622","post","type-post","status-publish","format-standard","has-post-thumbnail","category-eesti","tag-breaking-news","tag-breakingnews","tag-ee","tag-eesti","tag-eesti-keel","tag-estonia","tag-estonian","tag-featured-news","tag-featurednews","tag-headlines","tag-kulaline","tag-latest-news","tag-latestnews","tag-news","tag-populaarseimad-lood","tag-saatejuht","tag-tarvo-madsen","tag-teema","tag-top-stories","tag-topstories","tag-uldised-uudised","tag-uudised","tag-vestlus","tag-viimased-uudised"],"share_on_mastodon":{"url":"https:\/\/pubeurope.com\/@ee\/116245836905846622","error":""},"_links":{"self":[{"href":"https:\/\/www.europesays.com\/ee\/wp-json\/wp\/v2\/posts\/131622","targetHints":{"allow":["GET"]}}],"collection":[{"href":"https:\/\/www.europesays.com\/ee\/wp-json\/wp\/v2\/posts"}],"about":[{"href":"https:\/\/www.europesays.com\/ee\/wp-json\/wp\/v2\/types\/post"}],"author":[{"embeddable":true,"href":"https:\/\/www.europesays.com\/ee\/wp-json\/wp\/v2\/users\/2"}],"replies":[{"embeddable":true,"href":"https:\/\/www.europesays.com\/ee\/wp-json\/wp\/v2\/comments?post=131622"}],"version-history":[{"count":0,"href":"https:\/\/www.europesays.com\/ee\/wp-json\/wp\/v2\/posts\/131622\/revisions"}],"wp:featuredmedia":[{"embeddable":true,"href":"https:\/\/www.europesays.com\/ee\/wp-json\/wp\/v2\/media\/131623"}],"wp:attachment":[{"href":"https:\/\/www.europesays.com\/ee\/wp-json\/wp\/v2\/media?parent=131622"}],"wp:term":[{"taxonomy":"category","embeddable":true,"href":"https:\/\/www.europesays.com\/ee\/wp-json\/wp\/v2\/categories?post=131622"},{"taxonomy":"post_tag","embeddable":true,"href":"https:\/\/www.europesays.com\/ee\/wp-json\/wp\/v2\/tags?post=131622"}],"curies":[{"name":"wp","href":"https:\/\/api.w.org\/{rel}","templated":true}]}}