{"id":131694,"date":"2026-03-17T19:52:07","date_gmt":"2026-03-17T19:52:07","guid":{"rendered":"https:\/\/www.europesays.com\/ee\/131694\/"},"modified":"2026-03-17T19:52:07","modified_gmt":"2026-03-17T19:52:07","slug":"reuters-iraani-uus-juht-lukkas-tagasi-vahendajate-ettepanekud-pingete-leevendamiseks","status":"publish","type":"post","link":"https:\/\/www.europesays.com\/ee\/131694\/","title":{"rendered":"Reuters: Iraani uus juht l\u00fckkas tagasi vahendajate ettepanekud pingete leevendamiseks"},"content":{"rendered":"<p>Hiljuti ametisse asunud Iraani k\u00f5rgeim juht Mojtaba Khamenei pidas oma esimese v\u00e4lispoliitikaistungi, kus ta v\u00f5ttis USA ja Iisraeli suhtes k\u00e4ttemaksuhimulise seisukoha, r\u00e4\u00e4kis ametnik. Ta ei t\u00e4psustanud, kas Khamenei viibis istungil kohapeal v\u00f5i osales videosilla vahendusel.<\/p>\n<p>Kaks vahendajariiki on edastanud Iraanile ettepanekud pingete maandamiseks v\u00f5i relvarahu s\u00f5lmimiseks USA-ga, \u00fctles ametnik t\u00e4psustusi andmata. Ametniku s\u00f5nul olevat Khamenei vastanud, et rahu jaoks pole \u00f5ige aeg enne, kui USA ja Iisrael on p\u00f5lvili surutud, tunnistanud oma l\u00fc\u00fcasaamist ja hakanud reparatsioone maksma.<\/p>\n<p>Reutersi andmetel on ka Trumpi administratsioon s\u00f5ja v\u00e4ltel l\u00fckanud tagasi <a rel=\"noopener nofollow\" target=\"_blank\" href=\"https:\/\/www.delfi.ee\/teema\/30604059\/lahis-ida\" tag-id=\"30604059\">L\u00e4his-ida<\/a> liitlaste katsed alustada l\u00e4bir\u00e4\u00e4kimisi, mille eesm\u00e4rk oleks Iraani s\u00f5ja l\u00f5petamine.<\/p>\n<p>Mojtaba Khamenei sai Iraani uueks juhiks p\u00e4rast seda, kui tema isa ajatolla <a rel=\"noopener nofollow\" target=\"_blank\" href=\"https:\/\/www.delfi.ee\/teema\/56936524\/ali-khamenei\" tag-id=\"56936524\">Ali Khamenei<\/a> tapeti USA-Iisraeli Iraani-vastase s\u00f5ja alguses toimunud \u00f5hur\u00fcnnakus. Teadete kohaselt sai r\u00fcnnakus viga ka noorem Khamenei ja p\u00e4rast seda pole temast \u00fchtegi v\u00e4rsket fotot avaldatud.<\/p>\n<p>Hiljuti teatas Kuveidi v\u00e4ljaanne Al-Jarida, et vigastatud Khamenei toimetati s\u00f5jalennukiga Venemaale. V\u00e4ljaande andmetel saab ta ravi Venemaa valitseja Vladimir Putini residentsiga seotud haiglas.<\/p>\n<p><a href=\"http:\/\/www.delfi.ee\/artikkel\/120442429\/meedia-iraani-uut-juhti-ravitakse-moskvas-operatsiooni-pakkus-valja-putin-ise#dalrel-in-article\" class=\"content-embedded-articles-double__embedded-article\" data-v-bd1bb421=\"\" rel=\"nofollow noopener\" target=\"_blank\"><\/p>\n<p> 15.03.2026 <\/p>\n<p> Meedia: Iraani uut juhti ravitakse Moskvas, operatsiooni pakkus v\u00e4lja Putin ise  (198) <\/p>\n<p><\/a><a href=\"http:\/\/www.delfi.ee\/artikkel\/120442220\/hegseth-iraani-uus-ulemjuht-on-haavatud-ja-toenaoliselt-moonutatud-valimusega#dalrel-in-article\" class=\"content-embedded-articles-double__embedded-article\" data-v-bd1bb421=\"\" rel=\"nofollow noopener\" target=\"_blank\"><\/p>\n<p> 13.03.2026 <\/p>\n<p> VIDEO | Hegseth: Iraani uus \u00fclemjuht on haavatud ja t\u00f5en\u00e4oliselt moonutatud v\u00e4limusega  (151) <\/p>\n<p><\/a>Kuidas see lugu Sind end tundma pani? Saada <a href=\"https:\/\/www.delfi.ee\/artikkel\/120442942\/reuters-iraani-uus-juht-lukkas-tagasi-vahendajate-ettepanekud-pingete-leevendamiseks\/kommentaarid\" class=\"article-body-bottom__comment article-body-bottom__comment--write button button--primary button--size-auto\" rel=\"nofollow noopener\" target=\"_blank\"> Kommenteeri <\/a><a href=\"https:\/\/www.delfi.ee\/artikkel\/120442942\/reuters-iraani-uus-juht-lukkas-tagasi-vahendajate-ettepanekud-pingete-leevendamiseks\/kommentaarid\" class=\"article-body-bottom__comment article-body-bottom__comment--read button button--size-auto\" rel=\"nofollow noopener\" target=\"_blank\"> Loe kommentaare (7)<\/a><\/p>\n","protected":false},"excerpt":{"rendered":"Hiljuti ametisse asunud Iraani k\u00f5rgeim juht Mojtaba Khamenei pidas oma esimese v\u00e4lispoliitikaistungi, kus ta v\u00f5ttis USA ja Iisraeli&hellip;\n","protected":false},"author":2,"featured_media":131695,"comment_status":"","ping_status":"","sticky":false,"template":"","format":"standard","meta":{"footnotes":"","_share_on_mastodon":"0"},"categories":[80],"tags":[37105,26,27,37,33,35,34,36,31,32,21,1925,4376,55505,28,29,95,55982,19,25,3611,23,24,22,325,20,30,92,93,94],"class_list":["post-131694","post","type-post","status-publish","format-standard","has-post-thumbnail","category-maailm","tag-ali-khamenei","tag-breaking-news","tag-breakingnews","tag-ee","tag-eesti","tag-eesti-keel","tag-estonia","tag-estonian","tag-featured-news","tag-featurednews","tag-headlines","tag-iraan","tag-lahis-ida","tag-lahis-ida-soda","tag-latest-news","tag-latestnews","tag-maailm","tag-mojtaba-khamenei","tag-news","tag-populaarseimad-lood","tag-reuters","tag-top-stories","tag-topstories","tag-uldised-uudised","tag-usa","tag-uudised","tag-viimased-uudised","tag-world","tag-world-news","tag-worldnews"],"share_on_mastodon":{"url":"https:\/\/pubeurope.com\/@ee\/116246265431672877","error":""},"_links":{"self":[{"href":"https:\/\/www.europesays.com\/ee\/wp-json\/wp\/v2\/posts\/131694","targetHints":{"allow":["GET"]}}],"collection":[{"href":"https:\/\/www.europesays.com\/ee\/wp-json\/wp\/v2\/posts"}],"about":[{"href":"https:\/\/www.europesays.com\/ee\/wp-json\/wp\/v2\/types\/post"}],"author":[{"embeddable":true,"href":"https:\/\/www.europesays.com\/ee\/wp-json\/wp\/v2\/users\/2"}],"replies":[{"embeddable":true,"href":"https:\/\/www.europesays.com\/ee\/wp-json\/wp\/v2\/comments?post=131694"}],"version-history":[{"count":0,"href":"https:\/\/www.europesays.com\/ee\/wp-json\/wp\/v2\/posts\/131694\/revisions"}],"wp:featuredmedia":[{"embeddable":true,"href":"https:\/\/www.europesays.com\/ee\/wp-json\/wp\/v2\/media\/131695"}],"wp:attachment":[{"href":"https:\/\/www.europesays.com\/ee\/wp-json\/wp\/v2\/media?parent=131694"}],"wp:term":[{"taxonomy":"category","embeddable":true,"href":"https:\/\/www.europesays.com\/ee\/wp-json\/wp\/v2\/categories?post=131694"},{"taxonomy":"post_tag","embeddable":true,"href":"https:\/\/www.europesays.com\/ee\/wp-json\/wp\/v2\/tags?post=131694"}],"curies":[{"name":"wp","href":"https:\/\/api.w.org\/{rel}","templated":true}]}}