{"id":131723,"date":"2026-03-17T20:56:11","date_gmt":"2026-03-17T20:56:11","guid":{"rendered":"https:\/\/www.europesays.com\/ee\/131723\/"},"modified":"2026-03-17T20:56:11","modified_gmt":"2026-03-17T20:56:11","slug":"flicki-sonul-jaab-barcelona-tema-viimaseks-toootsaks-soccernet-ee","status":"publish","type":"post","link":"https:\/\/www.europesays.com\/ee\/131723\/","title":{"rendered":"Flicki s\u00f5nul j\u00e4\u00e4b Barcelona tema viimaseks t\u00f6\u00f6otsaks &#8211; Soccernet.ee"},"content":{"rendered":"<p><img decoding=\"async\" src=\"https:\/\/www.europesays.com\/ee\/wp-content\/uploads\/2026\/03\/1773754288.jpg\" alt=\"Hansi Flick. Foto: Scanpix \/ Craig Cowan \/ imago images\"\/>&#13;\n<\/p>\n<p>Praegune Barcelona peatreener Hansi Flick kinnitas, et kui ta peaks \u00fchel hetkel t\u00f6\u00f6tuks j\u00e4\u00e4ma, teeb ta jalgpalliga l\u00f5pparve.<\/p>\n<p>61-aastane Flick asus ametisse 2024. aasta suvel Xavi Hernandezi asemele. Tema leping peaks kehtima j\u00e4rgmise hooaja l\u00f5puni, kuigi uuesti presidendiks valitud Joan Laporta teatas sel n\u00e4dalal, et pealikuga plaanitakse koost\u00f6\u00f6d pikendada.&#13;\n<\/p>\n<p>Enne Meistrite liiga veerandfinaali korduskohtumist Newcastle&#8217;i vastu andis sakslane m\u00f5ista, et vaatamata teiste meeskondade suurele huvile j\u00e4\u00e4b Barcelona tema viimaseks t\u00f6\u00f6kohaks. &#8220;K\u00f5ik teavad, et olen siin v\u00e4ga \u00f5nnelik. Pean esmalt r\u00e4\u00e4kima [lepingupikenduse osas] perega, kuid meil on piisavalt aega seda arutada,&#8221; \u00fctles Flick. &#8220;On selge, et mulle meeldib Barcelonas t\u00f6\u00f6tada. Tunnen siin k\u00f5igi toetust.&#8221;&#13;\n<\/p>\n<p>Ta lisas: &#8220;Me teame, kuidas jalgpallimaailm toimib. Meil pole perega m\u00f5tteid lahkuda ja liituda m\u00f5ne teise klubiga. Barcelona j\u00e4\u00e4b minu viimaseks t\u00f6\u00f6kohaks.&#8221;<\/p>\n<p>Varem Hoffenheimi, RB Salzburgi, M\u00fcncheni Bayerni ja Saksamaa koondise juures t\u00f6\u00f6tanud Flick on Barcelonale v\u00f5itnud \u00fche Hispaania meistritiitli, \u00fche karikav\u00f5istluste trofee ja kaks superkarikat. K\u00e4esoleval La Liga hooajal ollakse neljapunktise edumaaga tabelis liidrid.&#13;<\/p>\n","protected":false},"excerpt":{"rendered":"&#13; Praegune Barcelona peatreener Hansi Flick kinnitas, et kui ta peaks \u00fchel hetkel t\u00f6\u00f6tuks j\u00e4\u00e4ma, teeb ta jalgpalliga&hellip;\n","protected":false},"author":2,"featured_media":131724,"comment_status":"","ping_status":"","sticky":false,"template":"","format":"standard","meta":{"footnotes":"","_share_on_mastodon":"0"},"categories":[18],"tags":[1741,37,33,35,34,36,7628,12679,110,606,159,158],"class_list":["post-131723","post","type-post","status-publish","format-standard","has-post-thumbnail","category-sport","tag-barcelona","tag-ee","tag-eesti","tag-eesti-keel","tag-estonia","tag-estonian","tag-flick","tag-hansi-flick","tag-hispaania","tag-la-liga","tag-sport","tag-sports"],"share_on_mastodon":{"url":"https:\/\/pubeurope.com\/@ee\/116246517158108141","error":""},"_links":{"self":[{"href":"https:\/\/www.europesays.com\/ee\/wp-json\/wp\/v2\/posts\/131723","targetHints":{"allow":["GET"]}}],"collection":[{"href":"https:\/\/www.europesays.com\/ee\/wp-json\/wp\/v2\/posts"}],"about":[{"href":"https:\/\/www.europesays.com\/ee\/wp-json\/wp\/v2\/types\/post"}],"author":[{"embeddable":true,"href":"https:\/\/www.europesays.com\/ee\/wp-json\/wp\/v2\/users\/2"}],"replies":[{"embeddable":true,"href":"https:\/\/www.europesays.com\/ee\/wp-json\/wp\/v2\/comments?post=131723"}],"version-history":[{"count":0,"href":"https:\/\/www.europesays.com\/ee\/wp-json\/wp\/v2\/posts\/131723\/revisions"}],"wp:featuredmedia":[{"embeddable":true,"href":"https:\/\/www.europesays.com\/ee\/wp-json\/wp\/v2\/media\/131724"}],"wp:attachment":[{"href":"https:\/\/www.europesays.com\/ee\/wp-json\/wp\/v2\/media?parent=131723"}],"wp:term":[{"taxonomy":"category","embeddable":true,"href":"https:\/\/www.europesays.com\/ee\/wp-json\/wp\/v2\/categories?post=131723"},{"taxonomy":"post_tag","embeddable":true,"href":"https:\/\/www.europesays.com\/ee\/wp-json\/wp\/v2\/tags?post=131723"}],"curies":[{"name":"wp","href":"https:\/\/api.w.org\/{rel}","templated":true}]}}