{"id":131761,"date":"2026-03-17T22:13:10","date_gmt":"2026-03-17T22:13:10","guid":{"rendered":"https:\/\/www.europesays.com\/ee\/131761\/"},"modified":"2026-03-17T22:13:10","modified_gmt":"2026-03-17T22:13:10","slug":"vassiljevi-endine-koduklubi-nullis-kuuseta-manginud-katowice-kaotuseta-seeria-vetkal-soccernet-ee","status":"publish","type":"post","link":"https:\/\/www.europesays.com\/ee\/131761\/","title":{"rendered":"Vassiljevi endine koduklubi nullis Kuuseta m\u00e4nginud Katowice kaotuseta seeria (+ Vetkal) &#8211; Soccernet.ee"},"content":{"rendered":"<p><img decoding=\"async\" src=\"https:\/\/www.europesays.com\/ee\/wp-content\/uploads\/2026\/03\/1773772678.jpg\" alt=\"M\u00e4rten Kuusk. Foto: Scanpix \/ Dariusz Hermiersz \/ Newspix via ZUMA Press\"\/>&#13;\n<\/p>\n<p>M\u00e4rten Kuusk ja tema koduklubi Katowice tunnsitasid Poola k\u00f5rgliiga 16. m\u00e4nguvoorus Konstantin Vassiljevi endise leivaisa Jagiellonia 2:1 paremust.\u00a0<\/p>\n<p>Eesti koondislase pingile j\u00e4tnud Katowice j\u00e4i kaotusseisu 11. minutil ning teine tabamus vajutati nende v\u00f5rku esimese kolmveerandtunni l\u00f5pu eel. Teisel poolajal \u00f5nnestus Kuuse leivaisal k\u00fcll \u00fcks v\u00e4rav tagasi l\u00fc\u00fca, ent kaheksa minutit enne normaalaja l\u00f5ppu l\u00f6\u00f6dud tabamus j\u00e4i nende ainukeseks.\u00a0&#13;\n<\/p>\n<p>Eelmises kohtumises kuulus Kuusk p\u00f5hikoosseisu ja tegi kaasa terve kohtumise. \u00dchtlasi t\u00e4histas kaotus Jagiellonia vastu ka Katowice suurep\u00e4rase seeria l\u00f5ppu, sest enne t\u00e4nast kaotust suudeti vastased alistada kolmel j\u00e4rjestikusel korral.\u00a0&#13;\n<\/p>\n<p>Praegu paiknetakse seitsmendal tabelireal ning Katowice saldol on 36 silma. Konverentsiliiga eelringi viiv neljas koht on neist kahe silma kaugusel ja Meistrite liiga eelringi viiv teine positsioon viie punkti kaugusel.\u00a0<\/p>\n<p>Hollandi esiliigas palliv Martin Vetkal ja tema t\u00f6\u00f6andja Dordrecht ei suutnud liiga punase laterna Ossi vastu viigist enamat. Avapoolajal asuti k\u00fcmne minutiga 2:0 juhtima, ent kaks minutit enne pooltunni t\u00e4itumist v\u00e4hendasid vastased vahe minimaalseks.&#13;\n<\/p>\n<p>Teisel poolajal suudeti seis viigistada ning 76. minutil sekkus vahetusest ka Vetkal, misj\u00e4rel tema meeskonnakaaslane teise kollase kaardi j\u00e4rel v\u00e4ljakult lahkuma pidi.\u00a0Hollandi esiliigas paikneb Dordrecht 20 meeskonna konkurentsis \u00fcheksandal kohal.&#13;<\/p>\n","protected":false},"excerpt":{"rendered":"&#13; M\u00e4rten Kuusk ja tema koduklubi Katowice tunnsitasid Poola k\u00f5rgliiga 16. m\u00e4nguvoorus Konstantin Vassiljevi endise leivaisa Jagiellonia 2:1&hellip;\n","protected":false},"author":2,"featured_media":131762,"comment_status":"","ping_status":"","sticky":false,"template":"","format":"standard","meta":{"footnotes":"","_share_on_mastodon":"0"},"categories":[18],"tags":[37,33,35,34,36,56030,54678,3092,3093,3095,111,15776,159,158],"class_list":["post-131761","post","type-post","status-publish","format-standard","has-post-thumbnail","category-sport","tag-ee","tag-eesti","tag-eesti-keel","tag-estonia","tag-estonian","tag-gks-katowice","tag-jagiellonia","tag-katowice","tag-kuusk","tag-marten-kuusk","tag-poola","tag-poola-korgliiga","tag-sport","tag-sports"],"share_on_mastodon":{"url":"https:\/\/pubeurope.com\/@ee\/116246819836996938","error":""},"_links":{"self":[{"href":"https:\/\/www.europesays.com\/ee\/wp-json\/wp\/v2\/posts\/131761","targetHints":{"allow":["GET"]}}],"collection":[{"href":"https:\/\/www.europesays.com\/ee\/wp-json\/wp\/v2\/posts"}],"about":[{"href":"https:\/\/www.europesays.com\/ee\/wp-json\/wp\/v2\/types\/post"}],"author":[{"embeddable":true,"href":"https:\/\/www.europesays.com\/ee\/wp-json\/wp\/v2\/users\/2"}],"replies":[{"embeddable":true,"href":"https:\/\/www.europesays.com\/ee\/wp-json\/wp\/v2\/comments?post=131761"}],"version-history":[{"count":0,"href":"https:\/\/www.europesays.com\/ee\/wp-json\/wp\/v2\/posts\/131761\/revisions"}],"wp:featuredmedia":[{"embeddable":true,"href":"https:\/\/www.europesays.com\/ee\/wp-json\/wp\/v2\/media\/131762"}],"wp:attachment":[{"href":"https:\/\/www.europesays.com\/ee\/wp-json\/wp\/v2\/media?parent=131761"}],"wp:term":[{"taxonomy":"category","embeddable":true,"href":"https:\/\/www.europesays.com\/ee\/wp-json\/wp\/v2\/categories?post=131761"},{"taxonomy":"post_tag","embeddable":true,"href":"https:\/\/www.europesays.com\/ee\/wp-json\/wp\/v2\/tags?post=131761"}],"curies":[{"name":"wp","href":"https:\/\/api.w.org\/{rel}","templated":true}]}}