{"id":131858,"date":"2026-03-18T03:35:07","date_gmt":"2026-03-18T03:35:07","guid":{"rendered":"https:\/\/www.europesays.com\/ee\/131858\/"},"modified":"2026-03-18T03:35:07","modified_gmt":"2026-03-18T03:35:07","slug":"uuri-jarele-%e2%9f%a9-milline-lugejatuup-oled-sina-postimees","status":"publish","type":"post","link":"https:\/\/www.europesays.com\/ee\/131858\/","title":{"rendered":"UURI J\u00c4RELE \u27e9 Milline lugejat\u00fc\u00fcp oled sina? &#8211; Postimees"},"content":{"rendered":"<ol>\n<li><a href=\"https:\/\/news.google.com\/rss\/articles\/CBMihAFBVV95cUxNajlrWTVjMXBQQXJ5YWhpclNwQjZQYmVjZHhLejFTVHVSXzZ6aHhBa0phUlRLWkZmMjZ1YzVOcFZ6UE5SdU11UkduUmJIVDFrVVlMYW9rOFFmbDhWWllHTVdnZDMzLWlVSFBOVkFKRzQxdzA0Q1JKUzRIYmMycGdPRjN1VlI?oc=5\" target=\"_blank\" rel=\"nofollow noopener\">UURI J\u00c4RELE \u27e9 Milline lugejat\u00fc\u00fcp oled sina?<\/a>&nbsp;&nbsp;Postimees<\/li>\n<li><a href=\"https:\/\/news.google.com\/rss\/articles\/CBMirwFBVV95cUxNWXJ0ZnRiZ1dISWFQUHJFbU5xZU5HR3dpMWlOdHBkSHM0M1VxX0JQaHhFek9MMUlqa3g2S3ZoU3dPUnBOdXZ0VGZ3eVpVNXZieVgyckxIaGlpalR2Q2t1MjVnRVMzQ19NSXA3eEtoRk15anM1SEVXa3c1SnNYaWZvMy1VSVU2TUItWlZWaWNtT0diTWo0TFFkZnRxd2YyNVNIRldnMHEwOVZkRlJGSlJF?oc=5\" target=\"_blank\" rel=\"nofollow noopener\">Lauristin: raamatukoguhoidja on oluline s\u00f5lmpunkt raamatuilma ja lugeja vahel<\/a>&nbsp;&nbsp;ERR<\/li>\n<li><a href=\"https:\/\/news.google.com\/rss\/articles\/CBMidkFVX3lxTE8tYmppLUpXQkZURGl5cUI0TzFlSHdoejg5MlRGNGRrUWpQamtWeFJQOEtEbVBYLS10LTd6WmgyLVNWUVduVjQzZzBMYk5sQTM4X3lDd3k1QXQyUFZPNmVFQklaUEN1ZmlleGZ3ZlZfb3FJYkZfUFE?oc=5\" target=\"_blank\" rel=\"nofollow noopener\">Eestikeelne raamat p\u00f5lvkondade vahetumise ajal<\/a>&nbsp;&nbsp;Sirp<\/li>\n<li><a href=\"https:\/\/news.google.com\/rss\/articles\/CBMikAFBVV95cUxQU0VvOWtCX214SXdhdmFnem5kYjNSVElLWmItcnhoYUxDZnpHaDIzbkV3VWRjX3hQbXc0QjFldThYNTBSM0tONnNMZ3FhNzhFNzVHa1JEeFN2Sldtdkl3RlJrRmt1a2JYeHM5Wm1qYVZ6QVlXTWFqc0ozMmNXS2VXbk1BczdYYVF2MVVJNjVZRjE?oc=5\" target=\"_blank\" rel=\"nofollow noopener\">Sotside ideoloog: eesti kultuuri kitsaskoht on keskealine mees<\/a>&nbsp;&nbsp;L\u00f5unaeestlane<\/li>\n<li><a href=\"https:\/\/news.google.com\/rss\/articles\/CBMimgFBVV95cUxQOGxLN2ZiOFN1X3JVVS0yOUZheEVMUkw5Sm1VcHdtOTZLd0cxcGtaSklHY0lQd2JZNVZxUWNCQU83cGFUWlVFT3ZpQTBOUDdnU2tjNncxUjR3SGFOZGZhZ3QtbDhWZXBvS1ZYS0xPRkNzQXQ0R2swRy0yYmM0a3BnZ2R4aHNnVEFTZGRFTWthLWNXSC1fNXBrNkFB?oc=5\" target=\"_blank\" rel=\"nofollow noopener\">Marju Lauristin: eesti kultuuri kitsaskoht on keskealine mees<\/a>&nbsp;&nbsp;ERR<\/li>\n<\/ol>\n","protected":false},"excerpt":{"rendered":"UURI J\u00c4RELE \u27e9 Milline lugejat\u00fc\u00fcp oled sina?&nbsp;&nbsp;Postimees Lauristin: raamatukoguhoidja on oluline s\u00f5lmpunkt raamatuilma ja lugeja vahel&nbsp;&nbsp;ERR Eestikeelne raamat&hellip;\n","protected":false},"author":2,"featured_media":131859,"comment_status":"","ping_status":"","sticky":false,"template":"","format":"standard","meta":{"footnotes":"","_share_on_mastodon":"0"},"categories":[12],"tags":[26,27,37,33,35,34,36,31,32,21,28,29,1864,58556,19,25,10292,16779,396,23,24,22,20,30,59857],"class_list":["post-131858","post","type-post","status-publish","format-standard","has-post-thumbnail","category-eesti","tag-breaking-news","tag-breakingnews","tag-ee","tag-eesti","tag-eesti-keel","tag-estonia","tag-estonian","tag-featured-news","tag-featurednews","tag-headlines","tag-latest-news","tag-latestnews","tag-lugemine","tag-lugemisuuring","tag-news","tag-populaarseimad-lood","tag-raamatud","tag-rara","tag-test","tag-top-stories","tag-topstories","tag-uldised-uudised","tag-uudised","tag-viimased-uudised","tag-viktoriin"],"share_on_mastodon":{"url":"https:\/\/pubeurope.com\/@ee\/116248085997557932","error":""},"_links":{"self":[{"href":"https:\/\/www.europesays.com\/ee\/wp-json\/wp\/v2\/posts\/131858","targetHints":{"allow":["GET"]}}],"collection":[{"href":"https:\/\/www.europesays.com\/ee\/wp-json\/wp\/v2\/posts"}],"about":[{"href":"https:\/\/www.europesays.com\/ee\/wp-json\/wp\/v2\/types\/post"}],"author":[{"embeddable":true,"href":"https:\/\/www.europesays.com\/ee\/wp-json\/wp\/v2\/users\/2"}],"replies":[{"embeddable":true,"href":"https:\/\/www.europesays.com\/ee\/wp-json\/wp\/v2\/comments?post=131858"}],"version-history":[{"count":0,"href":"https:\/\/www.europesays.com\/ee\/wp-json\/wp\/v2\/posts\/131858\/revisions"}],"wp:featuredmedia":[{"embeddable":true,"href":"https:\/\/www.europesays.com\/ee\/wp-json\/wp\/v2\/media\/131859"}],"wp:attachment":[{"href":"https:\/\/www.europesays.com\/ee\/wp-json\/wp\/v2\/media?parent=131858"}],"wp:term":[{"taxonomy":"category","embeddable":true,"href":"https:\/\/www.europesays.com\/ee\/wp-json\/wp\/v2\/categories?post=131858"},{"taxonomy":"post_tag","embeddable":true,"href":"https:\/\/www.europesays.com\/ee\/wp-json\/wp\/v2\/tags?post=131858"}],"curies":[{"name":"wp","href":"https:\/\/api.w.org\/{rel}","templated":true}]}}