{"id":131871,"date":"2026-03-18T04:30:04","date_gmt":"2026-03-18T04:30:04","guid":{"rendered":"https:\/\/www.europesays.com\/ee\/131871\/"},"modified":"2026-03-18T04:30:04","modified_gmt":"2026-03-18T04:30:04","slug":"heljo-pikhof-kolme-lapsega-pere-olgu-ka-lasteaiatasu-mottes-lasterikas-tartu-postimees","status":"publish","type":"post","link":"https:\/\/www.europesays.com\/ee\/131871\/","title":{"rendered":"Heljo Pikhof: kolme lapsega pere olgu ka lasteaiatasu m\u00f5ttes lasterikas &#8211; Tartu Postimees"},"content":{"rendered":"<ol>\n<li><a href=\"https:\/\/news.google.com\/rss\/articles\/CBMiqAFBVV95cUxOb2ROT0Nram9tN29ZbUxDZ25PQ2ZRcUl0SkJzWWY3M04yVjZTQnFSQXdrOUlKNDI1N0w3WmFvRV9hTFBGa3V6cEpYQ2J4RTREN2F2RVdLbDdPbTM2b2taVDJJd3d0VlBYdm0wTWpzVC1nZWd5WGxHQVhuWUtqVE1HT1BpYUNwTnJaWlpYSTk3S1FBTjdXZG1LV3hVTi1nZXY3NTBBbldkZUU?oc=5\" target=\"_blank\" rel=\"nofollow noopener\">Heljo Pikhof: kolme lapsega pere olgu ka lasteaiatasu m\u00f5ttes lasterikas<\/a>&nbsp;&nbsp;Tartu Postimees<\/li>\n<li><a href=\"https:\/\/news.google.com\/rss\/articles\/CBMia0FVX3lxTE5hdXpvYktLWlZFb2JLbmZaVWd1UWJqRUlfTHI5akpmQldFbWEyYS1ibGNreDQzUWcxSld4MFhxQ3RHZ09xS1k4QXBQdWZ2akF4TFVFZWN2VUhHTUduUkhQR3RKU3VNRFdGUWhR?oc=5\" target=\"_blank\" rel=\"nofollow noopener\">Uudis+. Margitta Otsmaa<\/a>&nbsp;&nbsp;Vikerraadio<\/li>\n<li><a href=\"https:\/\/news.google.com\/rss\/articles\/CBMivAFBVV95cUxNVnpJcmo5cHBJcGJDclUzeDk0eFBhaVVaVDk0ZlpNNDdubEJJMEVZdzQ1LWx4Z3hHVTVURm9LTjdwcEFuVHk4a2xNSF95NHNPZEkwOXowRmxNdTBRYkdsS3lkUzFzVmhYYlYtM2lTekpLdkUxNUg0QTdWS19tdzVGdjNfdkVjU3NnVFRGTGFUWnpDYXV5dXRNWTJqZWYwSTFyZnd3anM0b09FNUhsWGlmR2xLSldkc3diUnVvVA?oc=5\" target=\"_blank\" rel=\"nofollow noopener\">Sotsiaaldemokraadid: \u201cemade tulumaks\u201d on Reformierakonna j\u00e4rjekordne ebav\u00f5rdsuse s\u00fcvendamise projekt<\/a>&nbsp;&nbsp;Sotsiaaldemokraadid<\/li>\n<li><a href=\"https:\/\/news.google.com\/rss\/articles\/CBMiP0FVX3lxTE9vM1hVS01IUWFTcVZIQXptRnhNb256aEJBM3lDLXFCU0ZpYVVMVWZuSTZWRnIwNDF4SmptdE1iVQ?oc=5\" target=\"_blank\" rel=\"nofollow noopener\">Hermet tegi Prantsusmaal taas resultatiivse m\u00e4ngu, aga Dijon kaotas<\/a>&nbsp;&nbsp;Uudis.net<\/li>\n<li><a href=\"https:\/\/news.google.com\/rss\/articles\/CBMi1gFBVV95cUxNZGVIb2VBWjVzUTZKZF93bENyYW4yZkVnTmdoRk5rajZPOW9pc2NISFJrN0JrTUlDUUtqTlBCRzd1NnU2VWFPMjhuQkZMTzdqbG5MT1VXd01MYWhqRHo3SThfSnlRUU52M19zV0FCd3dxVnFGT1NYX1hReWVqY3NoQzhkbnNqU1ZESGlzR0x3V3ByQTEzVGhqd1oydnVRVmJLOTQ5bGJrckR0bHZsUncwZElZdnUyT1hHNG9wX2x2ak1lZVI3S08wZFVYekhXclNyUkFNc2VR?oc=5\" target=\"_blank\" rel=\"nofollow noopener\">LANGETAME EMADE TULUMAKSU? Z\u00fcleyxa Izmailova: see on j\u00e4rjekordne varjatud lastetusmaks ja kink just rikastele<\/a>&nbsp;&nbsp;\u00d5htuleht<\/li>\n<\/ol>\n","protected":false},"excerpt":{"rendered":"Heljo Pikhof: kolme lapsega pere olgu ka lasteaiatasu m\u00f5ttes lasterikas&nbsp;&nbsp;Tartu Postimees Uudis+. Margitta Otsmaa&nbsp;&nbsp;Vikerraadio Sotsiaaldemokraadid: \u201cemade tulumaks\u201d on&hellip;\n","protected":false},"author":2,"featured_media":131872,"comment_status":"","ping_status":"","sticky":false,"template":"","format":"standard","meta":{"footnotes":"","_share_on_mastodon":"0"},"categories":[12],"tags":[26,27,37,33,35,34,36,31,32,21,5079,59858,28,29,19,3831,25,23,24,22,20,30],"class_list":["post-131871","post","type-post","status-publish","format-standard","has-post-thumbnail","category-eesti","tag-breaking-news","tag-breakingnews","tag-ee","tag-eesti","tag-eesti-keel","tag-estonia","tag-estonian","tag-featured-news","tag-featurednews","tag-headlines","tag-lasteaia-kohatasu","tag-lasterikas-pere","tag-latest-news","tag-latestnews","tag-news","tag-perepoliitika","tag-populaarseimad-lood","tag-top-stories","tag-topstories","tag-uldised-uudised","tag-uudised","tag-viimased-uudised"],"share_on_mastodon":{"url":"https:\/\/pubeurope.com\/@ee\/116248302239075020","error":""},"_links":{"self":[{"href":"https:\/\/www.europesays.com\/ee\/wp-json\/wp\/v2\/posts\/131871","targetHints":{"allow":["GET"]}}],"collection":[{"href":"https:\/\/www.europesays.com\/ee\/wp-json\/wp\/v2\/posts"}],"about":[{"href":"https:\/\/www.europesays.com\/ee\/wp-json\/wp\/v2\/types\/post"}],"author":[{"embeddable":true,"href":"https:\/\/www.europesays.com\/ee\/wp-json\/wp\/v2\/users\/2"}],"replies":[{"embeddable":true,"href":"https:\/\/www.europesays.com\/ee\/wp-json\/wp\/v2\/comments?post=131871"}],"version-history":[{"count":0,"href":"https:\/\/www.europesays.com\/ee\/wp-json\/wp\/v2\/posts\/131871\/revisions"}],"wp:featuredmedia":[{"embeddable":true,"href":"https:\/\/www.europesays.com\/ee\/wp-json\/wp\/v2\/media\/131872"}],"wp:attachment":[{"href":"https:\/\/www.europesays.com\/ee\/wp-json\/wp\/v2\/media?parent=131871"}],"wp:term":[{"taxonomy":"category","embeddable":true,"href":"https:\/\/www.europesays.com\/ee\/wp-json\/wp\/v2\/categories?post=131871"},{"taxonomy":"post_tag","embeddable":true,"href":"https:\/\/www.europesays.com\/ee\/wp-json\/wp\/v2\/tags?post=131871"}],"curies":[{"name":"wp","href":"https:\/\/api.w.org\/{rel}","templated":true}]}}