{"id":131960,"date":"2026-03-18T07:58:17","date_gmt":"2026-03-18T07:58:17","guid":{"rendered":"https:\/\/www.europesays.com\/ee\/131960\/"},"modified":"2026-03-18T07:58:17","modified_gmt":"2026-03-18T07:58:17","slug":"kohtuotsus-%e2%9f%a9-10-000-eurot-advokaat-voitis-laimulahingu-kristiina-heinmetsa-vastu","status":"publish","type":"post","link":"https:\/\/www.europesays.com\/ee\/131960\/","title":{"rendered":"KOHTUOTSUS \u27e9 10 000 eurot! Advokaat v\u00f5itis laimulahingu Kristiina Heinmetsa vastu"},"content":{"rendered":"<p>Harju maakohus rahuldas advokaat Andra Olmi hagi Kristiina Heinmetsa vastu ning m\u00f5istis eksmissilt mittevaralise kahju h\u00fcvitisena v\u00e4lja 10 000 eurot. Olm t\u00f5deb toimetusele, et Heinmetsa valev\u00e4ited on p\u00f5hjustanud talle advokaadina suurt mainekahju ning kuna kohus ei taganud tema \u00f5iguste edasist kaitset piisavalt, plaanib ta otsuse edasi kaevata. Heinmets ei ole samuti otsusega rahul ja leiab, et teda soovitakse vaigistada.<\/p>\n<p>Veebruaris kirjutasime, et advokaat Andra Olm l\u00e4ks endise missi ja m\u00f5juisiku Kristiina Heinmetsa vastu kohtusse.<\/p>\n","protected":false},"excerpt":{"rendered":"Harju maakohus rahuldas advokaat Andra Olmi hagi Kristiina Heinmetsa vastu ning m\u00f5istis eksmissilt mittevaralise kahju h\u00fcvitisena v\u00e4lja 10&hellip;\n","protected":false},"author":2,"featured_media":131961,"comment_status":"","ping_status":"","sticky":false,"template":"","format":"standard","meta":{"footnotes":"","_share_on_mastodon":"0"},"categories":[80],"tags":[59880,26,27,37,33,35,34,36,31,32,35125,3995,21,15802,318,15136,28,29,95,19,25,23,24,22,20,30,92,93,94],"class_list":["post-131960","post","type-post","status-publish","format-standard","has-post-thumbnail","category-maailm","tag-andra-olm","tag-breaking-news","tag-breakingnews","tag-ee","tag-eesti","tag-eesti-keel","tag-estonia","tag-estonian","tag-featured-news","tag-featurednews","tag-hagi","tag-harju-maakohus","tag-headlines","tag-kahju","tag-kristiina-heinmets","tag-laim","tag-latest-news","tag-latestnews","tag-maailm","tag-news","tag-populaarseimad-lood","tag-top-stories","tag-topstories","tag-uldised-uudised","tag-uudised","tag-viimased-uudised","tag-world","tag-world-news","tag-worldnews"],"share_on_mastodon":{"url":"https:\/\/pubeurope.com\/@ee\/116249120350927406","error":""},"_links":{"self":[{"href":"https:\/\/www.europesays.com\/ee\/wp-json\/wp\/v2\/posts\/131960","targetHints":{"allow":["GET"]}}],"collection":[{"href":"https:\/\/www.europesays.com\/ee\/wp-json\/wp\/v2\/posts"}],"about":[{"href":"https:\/\/www.europesays.com\/ee\/wp-json\/wp\/v2\/types\/post"}],"author":[{"embeddable":true,"href":"https:\/\/www.europesays.com\/ee\/wp-json\/wp\/v2\/users\/2"}],"replies":[{"embeddable":true,"href":"https:\/\/www.europesays.com\/ee\/wp-json\/wp\/v2\/comments?post=131960"}],"version-history":[{"count":0,"href":"https:\/\/www.europesays.com\/ee\/wp-json\/wp\/v2\/posts\/131960\/revisions"}],"wp:featuredmedia":[{"embeddable":true,"href":"https:\/\/www.europesays.com\/ee\/wp-json\/wp\/v2\/media\/131961"}],"wp:attachment":[{"href":"https:\/\/www.europesays.com\/ee\/wp-json\/wp\/v2\/media?parent=131960"}],"wp:term":[{"taxonomy":"category","embeddable":true,"href":"https:\/\/www.europesays.com\/ee\/wp-json\/wp\/v2\/categories?post=131960"},{"taxonomy":"post_tag","embeddable":true,"href":"https:\/\/www.europesays.com\/ee\/wp-json\/wp\/v2\/tags?post=131960"}],"curies":[{"name":"wp","href":"https:\/\/api.w.org\/{rel}","templated":true}]}}