{"id":132130,"date":"2026-03-18T11:19:35","date_gmt":"2026-03-18T11:19:35","guid":{"rendered":"https:\/\/www.europesays.com\/ee\/132130\/"},"modified":"2026-03-18T11:19:35","modified_gmt":"2026-03-18T11:19:35","slug":"varske-uuring-%e2%9f%a9-terava-malu-saladus-peitub-hoopis-kohus","status":"publish","type":"post","link":"https:\/\/www.europesays.com\/ee\/132130\/","title":{"rendered":"V\u00c4RSKE UURING \u27e9 Terava m\u00e4lu saladus peitub hoopis k\u00f5hus"},"content":{"rendered":"<p>Me kipume arvama, et vananemisega kaasnev hajameelsus on v\u00e4\u00e4ramatu loodusseadus. Ometi pole see t\u00f5de sugugi universaalne: m\u00f5ni inimene p\u00fcsib terane ka saja-aastaselt, samas kui teised kogevad m\u00e4luh\u00e4ireid juba keskeas. V\u00e4rske teadust\u00f6\u00f6 ajakirjas <a target=\"_blank\" rel=\"noopener noreferrer nofollow\" href=\"https:\/\/www.nature.com\/articles\/s41586-026-10191-6\">Nature<\/a> pakub sellele m\u00f5istatusele \u00fcllatava lahenduse \u2013 meie aju tervis ei s\u00f5ltu ainult peast, vaid paljuski hoopis k\u00f5hust.<\/p>\n","protected":false},"excerpt":{"rendered":"Me kipume arvama, et vananemisega kaasnev hajameelsus on v\u00e4\u00e4ramatu loodusseadus. Ometi pole see t\u00f5de sugugi universaalne: m\u00f5ni inimene&hellip;\n","protected":false},"author":2,"featured_media":132131,"comment_status":"","ping_status":"","sticky":false,"template":"","format":"standard","meta":{"footnotes":"","_share_on_mastodon":"0"},"categories":[5],"tags":[26,27,9133,37,33,35,34,36,31,32,21,59956,59953,28,29,59954,59957,19,3401,25,59955,59958,23,24,59951,22,20,59952,59959,30],"class_list":["post-132130","post","type-post","status-publish","format-standard","has-post-thumbnail","category-uldised-uudised","tag-breaking-news","tag-breakingnews","tag-dementsus","tag-ee","tag-eesti","tag-eesti-keel","tag-estonia","tag-estonian","tag-featured-news","tag-featurednews","tag-headlines","tag-hipokampus-ja-malu","tag-kognitiivne-langus","tag-latest-news","tag-latestnews","tag-malu-ja-mikrobioom","tag-neurodegeneratsioon","tag-news","tag-ozempic","tag-populaarseimad-lood","tag-soolestiku-immuunrakud","tag-soolestiku-tervis-ja-aju-tervis","tag-top-stories","tag-topstories","tag-uitnarv","tag-uldised-uudised","tag-uudised","tag-vananemine-ja-hajameelsus","tag-vananev-mikrobioom","tag-viimased-uudised"],"share_on_mastodon":{"url":"","error":"Validation failed: Text character limit of 500 exceeded"},"_links":{"self":[{"href":"https:\/\/www.europesays.com\/ee\/wp-json\/wp\/v2\/posts\/132130","targetHints":{"allow":["GET"]}}],"collection":[{"href":"https:\/\/www.europesays.com\/ee\/wp-json\/wp\/v2\/posts"}],"about":[{"href":"https:\/\/www.europesays.com\/ee\/wp-json\/wp\/v2\/types\/post"}],"author":[{"embeddable":true,"href":"https:\/\/www.europesays.com\/ee\/wp-json\/wp\/v2\/users\/2"}],"replies":[{"embeddable":true,"href":"https:\/\/www.europesays.com\/ee\/wp-json\/wp\/v2\/comments?post=132130"}],"version-history":[{"count":0,"href":"https:\/\/www.europesays.com\/ee\/wp-json\/wp\/v2\/posts\/132130\/revisions"}],"wp:featuredmedia":[{"embeddable":true,"href":"https:\/\/www.europesays.com\/ee\/wp-json\/wp\/v2\/media\/132131"}],"wp:attachment":[{"href":"https:\/\/www.europesays.com\/ee\/wp-json\/wp\/v2\/media?parent=132130"}],"wp:term":[{"taxonomy":"category","embeddable":true,"href":"https:\/\/www.europesays.com\/ee\/wp-json\/wp\/v2\/categories?post=132130"},{"taxonomy":"post_tag","embeddable":true,"href":"https:\/\/www.europesays.com\/ee\/wp-json\/wp\/v2\/tags?post=132130"}],"curies":[{"name":"wp","href":"https:\/\/api.w.org\/{rel}","templated":true}]}}