{"id":132185,"date":"2026-03-18T12:23:07","date_gmt":"2026-03-18T12:23:07","guid":{"rendered":"https:\/\/www.europesays.com\/ee\/132185\/"},"modified":"2026-03-18T12:23:07","modified_gmt":"2026-03-18T12:23:07","slug":"euroopa-saaks-toetada-usad-hormuzi-vainas-vastutasuks-ukraina-aitamisele","status":"publish","type":"post","link":"https:\/\/www.europesays.com\/ee\/132185\/","title":{"rendered":"Euroopa saaks toetada USAd Hormuzi v\u00e4inas vastutasuks Ukraina aitamisele"},"content":{"rendered":"<p>Euroopa saaks pakkuda USA presidendile Donald Trumpile s\u00f5jalist abi Hormuzi v\u00e4ina kaitsmisel vastutasuks \u00dchendriikide toetusele Ukrainale, \u00fctles teisip\u00e4eval Soome president Alexander Stubb, vahendasid uudisteportaalid Ukrinform ja Politico.<\/p>\n<p>\u00abMa arvan, et see on v\u00e4ga hea m\u00f5te,\u00bb \u00fctles ta selle v\u00f5imaluse kohta m\u00f5ttekojas Chatham House peetud k\u00f5nes.<\/p>\n","protected":false},"excerpt":{"rendered":"Euroopa saaks pakkuda USA presidendile Donald Trumpile s\u00f5jalist abi Hormuzi v\u00e4ina kaitsmisel vastutasuks \u00dchendriikide toetusele Ukrainale, \u00fctles teisip\u00e4eval&hellip;\n","protected":false},"author":2,"featured_media":132002,"comment_status":"","ping_status":"","sticky":false,"template":"","format":"standard","meta":{"footnotes":"","_share_on_mastodon":"0"},"categories":[80],"tags":[1267,26,27,324,37,33,35,34,36,590,31,32,21,46527,1925,55505,28,29,95,59910,19,25,11504,1266,23,24,22,462,20,30,92,93,94],"class_list":["post-132185","post","type-post","status-publish","format-standard","has-post-thumbnail","category-maailm","tag-alexander-stubb","tag-breaking-news","tag-breakingnews","tag-donald-trump","tag-ee","tag-eesti","tag-eesti-keel","tag-estonia","tag-estonian","tag-euroopa-liit","tag-featured-news","tag-featurednews","tag-headlines","tag-hormuzi-vain","tag-iraan","tag-lahis-ida-soda","tag-latest-news","tag-latestnews","tag-maailm","tag-naftahinnad","tag-news","tag-populaarseimad-lood","tag-sojaline-abi","tag-soome-president","tag-top-stories","tag-topstories","tag-uldised-uudised","tag-usa-president","tag-uudised","tag-viimased-uudised","tag-world","tag-world-news","tag-worldnews"],"share_on_mastodon":{"url":"https:\/\/pubeurope.com\/@ee\/116250162281684160","error":""},"_links":{"self":[{"href":"https:\/\/www.europesays.com\/ee\/wp-json\/wp\/v2\/posts\/132185","targetHints":{"allow":["GET"]}}],"collection":[{"href":"https:\/\/www.europesays.com\/ee\/wp-json\/wp\/v2\/posts"}],"about":[{"href":"https:\/\/www.europesays.com\/ee\/wp-json\/wp\/v2\/types\/post"}],"author":[{"embeddable":true,"href":"https:\/\/www.europesays.com\/ee\/wp-json\/wp\/v2\/users\/2"}],"replies":[{"embeddable":true,"href":"https:\/\/www.europesays.com\/ee\/wp-json\/wp\/v2\/comments?post=132185"}],"version-history":[{"count":0,"href":"https:\/\/www.europesays.com\/ee\/wp-json\/wp\/v2\/posts\/132185\/revisions"}],"wp:featuredmedia":[{"embeddable":true,"href":"https:\/\/www.europesays.com\/ee\/wp-json\/wp\/v2\/media\/132002"}],"wp:attachment":[{"href":"https:\/\/www.europesays.com\/ee\/wp-json\/wp\/v2\/media?parent=132185"}],"wp:term":[{"taxonomy":"category","embeddable":true,"href":"https:\/\/www.europesays.com\/ee\/wp-json\/wp\/v2\/categories?post=132185"},{"taxonomy":"post_tag","embeddable":true,"href":"https:\/\/www.europesays.com\/ee\/wp-json\/wp\/v2\/tags?post=132185"}],"curies":[{"name":"wp","href":"https:\/\/api.w.org\/{rel}","templated":true}]}}