{"id":132190,"date":"2026-03-18T12:31:07","date_gmt":"2026-03-18T12:31:07","guid":{"rendered":"https:\/\/www.europesays.com\/ee\/132190\/"},"modified":"2026-03-18T12:31:07","modified_gmt":"2026-03-18T12:31:07","slug":"anu-aun-epp-maria-kokamae-portreefilmist-tahtsin-teada-mis-on-ta-edu-valem-film","status":"publish","type":"post","link":"https:\/\/www.europesays.com\/ee\/132190\/","title":{"rendered":"Anu Aun Epp Maria Kokam\u00e4e portreefilmist: tahtsin teada, mis on ta edu valem | Film"},"content":{"rendered":"<p>Sel n\u00e4dalal j\u00f5uab kinodesse re\u017eiss\u00f6\u00f6r Anu Auna portreefilm &#8220;Epp Maria. Elu maalides&#8221;. kunstnik Epp Maria Kokam\u00e4est. ERR-ile antud intervjuus \u00fctles Aun, et teda hakkas huvitavama, kuidas on v\u00f5imalik olla nii produktiivne ja huvitava k\u00e4ekirjaga kunstnik, aga p\u00fchendunud kunstnikuelu k\u00f5rvalt luua ka kaunis kodu ning perekond<\/p>\n<p>&#8220;Epp Maria Kokam\u00e4e looming on mulle meeldinud praktiliselt lapsep\u00f5lvest saadik, kuskil teismelisena ostsin esimesed kalenderm\u00e4rkmikud tema piltidega ja v\u00e4ga hindasin neid,&#8221; \u00fctles re\u017eiss\u00f6\u00f6r Anu Aun ja lisas, et Kokam\u00e4e looming on imbunud tema ellu eri viisidel. &#8220;\u00dcks lemmikkohti, kus mulle meeldis kirjutada stsenaariume, oli Komeedi kohvik, kus olid seina peal Epu maalid, Anni toidud, Liisu n\u00f5ud ja Jaagu tehtud m\u00f6\u00f6bel, kogu see keskkond oli minu jaoks nii inspireeriv, ma tundsin seal end v\u00e4ga h\u00e4sti.&#8221;<\/p>\n<p>Aun selgitas, et teda hakkas huvitavama, kuidas on v\u00f5imalik olla nii produktiivne ja huvitava k\u00e4ekirjaga kunstnik, aga selle p\u00fchendunud kunstnikuelu k\u00f5rvalt luua ka nii v\u00f5imas, ilus ja kaunis kodu ning perekond. &#8220;See protsess on kestnud kaks aastat, filmisime \u00fche aasta v\u00e4ltel, see oli just tema juubeliaasta, ta sai 65-aastaseks, m\u00f5te \u00fche aasta jooksul filmida tuli sellest, et Epp on \u00f6elnud, et ta on aastaaegade kunstnik ning tema maalid ja toimetused muutuvad vastavalt sellele, millised on aastaaegade r\u00fctmid.&#8221;<\/p>\n<p>&#8220;Ma tegelikult alguses v\u00e4ga kartsin talle helistada, mul oli teatav aupaklikkus, et kuulus kunstnik ja mis siis saab, kui ta \u00fctleb ei, sest ma v\u00e4ga tahtsin seda filmi v\u00e4ga teha,&#8221; \u00fctles ta ja mainis, et \u00f5nneks oli Epp Maria Kokam\u00e4gi kohe n\u00f5us. &#8220;Ta oli mu eelmisi filme n\u00e4inud ja see ilmselt julgustas teda jah-s\u00f5na andma.&#8221;<\/p>\n<p>Tema s\u00f5nul oli Epu suhe kaameraga h\u00e4sti loomulikult. &#8220;Ta on televisiooni piisavalt palju intervjuusid andnud, et ta v\u00f5ttis seda h\u00e4sti loomulikult, meie panime kaamera k\u00e4ima ja tema toimetas, aeg-ajalt ma k\u00fcsisin mingeid k\u00fcsimusi, et vestelda ka s\u00fcgavamatel teemadel, aga ma usun, et ta on h\u00e4sti ehe ja p\u00e4ris tema ise seal kaamera ees.&#8221;<\/p>\n<p>&#8220;Mind isiklikult huvitas, mis on tema saladus v\u00f5i m\u00f5nes m\u00f5ttes ka edu valem, ma p\u00fc\u00fcan alati filme teha inimestest, kellest mul on midagi olulist \u00f5ppida,&#8221; nentis re\u017eiss\u00f6\u00f6r ja lisas, et ta sai selle edu valemi teada ning loodetavasti tuleb see ka filmist v\u00e4lja. &#8220;\u00dcks oluline asi on see, et oma unistuste nimel tuleb p\u00e4ris palju vaeva n\u00e4ha, talle pole ka midagi s\u00fclle kukkunud.&#8221;<\/p>\n","protected":false},"excerpt":{"rendered":"Sel n\u00e4dalal j\u00f5uab kinodesse re\u017eiss\u00f6\u00f6r Anu Auna portreefilm &#8220;Epp Maria. Elu maalides&#8221;. kunstnik Epp Maria Kokam\u00e4est. ERR-ile antud&hellip;\n","protected":false},"author":2,"featured_media":132191,"comment_status":"","ping_status":"","sticky":false,"template":"","format":"standard","meta":{"footnotes":"","_share_on_mastodon":"0"},"categories":[16],"tags":[19453,37,33,35,173,15628,57357,34,36,59967,140],"class_list":["post-132190","post","type-post","status-publish","format-standard","has-post-thumbnail","category-meelelahutus","tag-anu-aun","tag-ee","tag-eesti","tag-eesti-keel","tag-entertainment","tag-epp-maria-kokamagi","tag-epp-maria-elu-maalides","tag-estonia","tag-estonian","tag-kokamagi","tag-meelelahutus"],"share_on_mastodon":{"url":"https:\/\/pubeurope.com\/@ee\/116250193667169919","error":""},"_links":{"self":[{"href":"https:\/\/www.europesays.com\/ee\/wp-json\/wp\/v2\/posts\/132190","targetHints":{"allow":["GET"]}}],"collection":[{"href":"https:\/\/www.europesays.com\/ee\/wp-json\/wp\/v2\/posts"}],"about":[{"href":"https:\/\/www.europesays.com\/ee\/wp-json\/wp\/v2\/types\/post"}],"author":[{"embeddable":true,"href":"https:\/\/www.europesays.com\/ee\/wp-json\/wp\/v2\/users\/2"}],"replies":[{"embeddable":true,"href":"https:\/\/www.europesays.com\/ee\/wp-json\/wp\/v2\/comments?post=132190"}],"version-history":[{"count":0,"href":"https:\/\/www.europesays.com\/ee\/wp-json\/wp\/v2\/posts\/132190\/revisions"}],"wp:featuredmedia":[{"embeddable":true,"href":"https:\/\/www.europesays.com\/ee\/wp-json\/wp\/v2\/media\/132191"}],"wp:attachment":[{"href":"https:\/\/www.europesays.com\/ee\/wp-json\/wp\/v2\/media?parent=132190"}],"wp:term":[{"taxonomy":"category","embeddable":true,"href":"https:\/\/www.europesays.com\/ee\/wp-json\/wp\/v2\/categories?post=132190"},{"taxonomy":"post_tag","embeddable":true,"href":"https:\/\/www.europesays.com\/ee\/wp-json\/wp\/v2\/tags?post=132190"}],"curies":[{"name":"wp","href":"https:\/\/api.w.org\/{rel}","templated":true}]}}