{"id":132348,"date":"2026-03-18T15:50:14","date_gmt":"2026-03-18T15:50:14","guid":{"rendered":"https:\/\/www.europesays.com\/ee\/132348\/"},"modified":"2026-03-18T15:50:14","modified_gmt":"2026-03-18T15:50:14","slug":"video-wolfsburgis-palliv-hint-tutvustas-end-klubi-fannidele-soccernet-ee","status":"publish","type":"post","link":"https:\/\/www.europesays.com\/ee\/132348\/","title":{"rendered":"Video: Wolfsburgis palliv Hint tutvustas end klubi f\u00e4nnidele &#8211; Soccernet.ee"},"content":{"rendered":"<p><img decoding=\"async\" src=\"https:\/\/www.europesays.com\/ee\/wp-content\/uploads\/2026\/02\/1772285879.jpg\" alt=\"Trevor Hint. Foto: N\u00f5mme United \/ Facebook\"\/>&#13;\n<\/p>\n<p>Wolfsburgi U19 meeskonnas palliv Eesti noortekoondislane Trevor Hint vastas klubi sotsiaalmeediapostituses k\u00fcsimustele.\u00a0<br \/>&#13;\n<\/p>\n<p>Kaheksal korral erinevaid Eesti noortekoondiseid esindanud Hint vastas videos 45 sekundi jooksul v\u00f5imalikult paljudele k\u00fcsimustele. Muu hulgas t\u00f5i ta v\u00e4lja, et tema suurimaks iidoliks on ei keegi muu kui Cristiano Ronaldo. Wolfsburgi akadeemiaga liitus Hint 2024. aasta suvel. Enne seda \u00f5nnestus 17-aastasel palluril koduses k\u00f5rgliigas N\u00f5mme Unitedi s\u00e4rgis kirja saada 11 kohtumist.&#13;\n<\/p>\n<p>Saksamaa U19 k\u00f5rgliigas paiknevad Hint ja Wolfsburg kuueliikmelises B-alagrupis esikohal. L\u00e4him j\u00e4litaja Dortmundi Borussia on kahe silma kaugusel. Kolmandat kohta hoidval Heidenheimil on ette n\u00e4idata kaheksa silma, ent neil on \u00fcks m\u00e4ng varuks.\u00a0&#13;\n<\/p>\n<p>Vaata videot siit:\u00a0&#13;<\/p>\n","protected":false},"excerpt":{"rendered":"&#13; Wolfsburgi U19 meeskonnas palliv Eesti noortekoondislane Trevor Hint vastas klubi sotsiaalmeediapostituses k\u00fcsimustele.\u00a0&#13; Kaheksal korral erinevaid Eesti noortekoondiseid&hellip;\n","protected":false},"author":2,"featured_media":118098,"comment_status":"","ping_status":"","sticky":false,"template":"","format":"standard","meta":{"footnotes":"","_share_on_mastodon":"0"},"categories":[18],"tags":[37,33,35,917,34,36,5032,159,158,922,1712,5034],"class_list":["post-132348","post","type-post","status-publish","format-standard","has-post-thumbnail","category-sport","tag-ee","tag-eesti","tag-eesti-keel","tag-eestlased-voorsil","tag-estonia","tag-estonian","tag-hint","tag-sport","tag-sports","tag-trevor-hint","tag-wolfsburg","tag-wolfsburg-u19"],"share_on_mastodon":{"url":"https:\/\/pubeurope.com\/@ee\/116250976110062719","error":""},"_links":{"self":[{"href":"https:\/\/www.europesays.com\/ee\/wp-json\/wp\/v2\/posts\/132348","targetHints":{"allow":["GET"]}}],"collection":[{"href":"https:\/\/www.europesays.com\/ee\/wp-json\/wp\/v2\/posts"}],"about":[{"href":"https:\/\/www.europesays.com\/ee\/wp-json\/wp\/v2\/types\/post"}],"author":[{"embeddable":true,"href":"https:\/\/www.europesays.com\/ee\/wp-json\/wp\/v2\/users\/2"}],"replies":[{"embeddable":true,"href":"https:\/\/www.europesays.com\/ee\/wp-json\/wp\/v2\/comments?post=132348"}],"version-history":[{"count":0,"href":"https:\/\/www.europesays.com\/ee\/wp-json\/wp\/v2\/posts\/132348\/revisions"}],"wp:featuredmedia":[{"embeddable":true,"href":"https:\/\/www.europesays.com\/ee\/wp-json\/wp\/v2\/media\/118098"}],"wp:attachment":[{"href":"https:\/\/www.europesays.com\/ee\/wp-json\/wp\/v2\/media?parent=132348"}],"wp:term":[{"taxonomy":"category","embeddable":true,"href":"https:\/\/www.europesays.com\/ee\/wp-json\/wp\/v2\/categories?post=132348"},{"taxonomy":"post_tag","embeddable":true,"href":"https:\/\/www.europesays.com\/ee\/wp-json\/wp\/v2\/tags?post=132348"}],"curies":[{"name":"wp","href":"https:\/\/api.w.org\/{rel}","templated":true}]}}