{"id":132387,"date":"2026-03-18T16:58:11","date_gmt":"2026-03-18T16:58:11","guid":{"rendered":"https:\/\/www.europesays.com\/ee\/132387\/"},"modified":"2026-03-18T16:58:11","modified_gmt":"2026-03-18T16:58:11","slug":"venemaa-ulisalajase-eliituksuse-pearahastaja-aripartner-omab-eestis-parkimismaja-ja-osalust-borsifirmas","status":"publish","type":"post","link":"https:\/\/www.europesays.com\/ee\/132387\/","title":{"rendered":"Venemaa \u00fclisalajase eliit\u00fcksuse pearahastaja \u00e4ripartner omab Eestis parkimismaja ja osalust b\u00f6rsifirmas"},"content":{"rendered":"<p>Nii kirjutasid v\u00e4ljaanded, et miljard\u00e4r Andrei Bokarev on olnud \u00fcksuse peamine rahastaja ja ideoloogiline arhitekt, kes peidab tapmis\u00fcksuse kulud oma \u00e4ride alla. Bokarev on Forbesi rikaste edetabelis venelaste arvestuses 36. kohal, omades 4,9 miljardi dollarilist varandust.<\/p>\n<p>Kirjelduste kohaselt suunab Kala\u0161nikovi ja Transmashholdingu kaudu s\u00f5lmitud riiklike lepingute alusel Bokarev osa m\u00f5lema ettev\u00f5tte tulust eriotstarbelistesse riiklikesse projektidesse, rahastades sh just nimelt Keskust 795.<\/p>\n<p>Oled juba tellija?Logi sisse<\/p>\n<p><a href=\"https:\/\/arileht.delfi.ee\/a\/120443067\/venemaa-ulisalajase-eliituksuse-pearahastaja-aripartner-omab-eestis-parkimismaja-ja-osalust-borsifirmas\/kommentaarid\" class=\"article-body-bottom__comment article-body-bottom__comment--write button button--primary button--size-auto\" rel=\"nofollow noopener\" target=\"_blank\"> Kommenteeri <\/a><a href=\"https:\/\/arileht.delfi.ee\/a\/120443067\/venemaa-ulisalajase-eliituksuse-pearahastaja-aripartner-omab-eestis-parkimismaja-ja-osalust-borsifirmas\/kommentaarid\" class=\"article-body-bottom__comment article-body-bottom__comment--read button button--size-auto\" rel=\"nofollow noopener\" target=\"_blank\"> Loe kommentaare (79)<\/a><\/p>\n","protected":false},"excerpt":{"rendered":"Nii kirjutasid v\u00e4ljaanded, et miljard\u00e4r Andrei Bokarev on olnud \u00fcksuse peamine rahastaja ja ideoloogiline arhitekt, kes peidab tapmis\u00fcksuse&hellip;\n","protected":false},"author":2,"featured_media":132388,"comment_status":"","ping_status":"","sticky":false,"template":"","format":"standard","meta":{"footnotes":"","_share_on_mastodon":"0"},"categories":[80],"tags":[26,27,8974,37,33,35,34,36,31,32,21,28,29,95,108,19,939,25,15852,60024,23,24,22,20,96,30,92,93,94],"class_list":["post-132387","post","type-post","status-publish","format-standard","has-post-thumbnail","category-maailm","tag-breaking-news","tag-breakingnews","tag-der-spiegel","tag-ee","tag-eesti","tag-eesti-keel","tag-estonia","tag-estonian","tag-featured-news","tag-featurednews","tag-headlines","tag-latest-news","tag-latestnews","tag-maailm","tag-moskva","tag-news","tag-peterburi","tag-populaarseimad-lood","tag-seremetjevo","tag-tatjana-liksutova","tag-top-stories","tag-topstories","tag-uldised-uudised","tag-uudised","tag-venemaa","tag-viimased-uudised","tag-world","tag-world-news","tag-worldnews"],"share_on_mastodon":{"url":"https:\/\/pubeurope.com\/@ee\/116251243624513630","error":""},"_links":{"self":[{"href":"https:\/\/www.europesays.com\/ee\/wp-json\/wp\/v2\/posts\/132387","targetHints":{"allow":["GET"]}}],"collection":[{"href":"https:\/\/www.europesays.com\/ee\/wp-json\/wp\/v2\/posts"}],"about":[{"href":"https:\/\/www.europesays.com\/ee\/wp-json\/wp\/v2\/types\/post"}],"author":[{"embeddable":true,"href":"https:\/\/www.europesays.com\/ee\/wp-json\/wp\/v2\/users\/2"}],"replies":[{"embeddable":true,"href":"https:\/\/www.europesays.com\/ee\/wp-json\/wp\/v2\/comments?post=132387"}],"version-history":[{"count":0,"href":"https:\/\/www.europesays.com\/ee\/wp-json\/wp\/v2\/posts\/132387\/revisions"}],"wp:featuredmedia":[{"embeddable":true,"href":"https:\/\/www.europesays.com\/ee\/wp-json\/wp\/v2\/media\/132388"}],"wp:attachment":[{"href":"https:\/\/www.europesays.com\/ee\/wp-json\/wp\/v2\/media?parent=132387"}],"wp:term":[{"taxonomy":"category","embeddable":true,"href":"https:\/\/www.europesays.com\/ee\/wp-json\/wp\/v2\/categories?post=132387"},{"taxonomy":"post_tag","embeddable":true,"href":"https:\/\/www.europesays.com\/ee\/wp-json\/wp\/v2\/tags?post=132387"}],"curies":[{"name":"wp","href":"https:\/\/api.w.org\/{rel}","templated":true}]}}