{"id":132452,"date":"2026-03-18T18:34:14","date_gmt":"2026-03-18T18:34:14","guid":{"rendered":"https:\/\/www.europesays.com\/ee\/132452\/"},"modified":"2026-03-18T18:34:14","modified_gmt":"2026-03-18T18:34:14","slug":"nadala-raamat-pungilegend-freddy-grenzmanni-luuletuste-sisu-on-igasse-suunda-laiali-laotatud","status":"publish","type":"post","link":"https:\/\/www.europesays.com\/ee\/132452\/","title":{"rendered":"N\u00c4DALA RAAMAT | Pungilegend Freddy Grenzmanni luuletuste sisu on igasse suunda laiali laotatud"},"content":{"rendered":"<p>Vist seet\u00f5ttu ei j\u00e4ta Grenzmanni riimid \u2013 kui nad satuvad ilmuma \u2013 isegi ilmselguse korral kulunud muljet. Selline keeleline s\u00fcrrealism muidugi sobib meelelaadile, mida on harjutud seostama pungiga, nagu ka \u00fcsna tihti kirjeldatavad meelem\u00fcrgim\u00f5jud ja -kogemused. Ent kindlasti pakub \u201eDeliirium suvilas\u201c pungist ja s\u00fcrrealismist palju laiemat l\u00e4henemist.<\/p>\n","protected":false},"excerpt":{"rendered":"Vist seet\u00f5ttu ei j\u00e4ta Grenzmanni riimid \u2013 kui nad satuvad ilmuma \u2013 isegi ilmselguse korral kulunud muljet. Selline&hellip;\n","protected":false},"author":2,"featured_media":132453,"comment_status":"","ping_status":"","sticky":false,"template":"","format":"standard","meta":{"footnotes":"","_share_on_mastodon":"0"},"categories":[16],"tags":[37,33,35,173,34,36,42800,5791,140,60056],"class_list":["post-132452","post","type-post","status-publish","format-standard","has-post-thumbnail","category-meelelahutus","tag-ee","tag-eesti","tag-eesti-keel","tag-entertainment","tag-estonia","tag-estonian","tag-freddy-grenzmann","tag-luule","tag-meelelahutus","tag-psychoterror"],"share_on_mastodon":{"url":"https:\/\/pubeurope.com\/@ee\/116251621063148273","error":""},"_links":{"self":[{"href":"https:\/\/www.europesays.com\/ee\/wp-json\/wp\/v2\/posts\/132452","targetHints":{"allow":["GET"]}}],"collection":[{"href":"https:\/\/www.europesays.com\/ee\/wp-json\/wp\/v2\/posts"}],"about":[{"href":"https:\/\/www.europesays.com\/ee\/wp-json\/wp\/v2\/types\/post"}],"author":[{"embeddable":true,"href":"https:\/\/www.europesays.com\/ee\/wp-json\/wp\/v2\/users\/2"}],"replies":[{"embeddable":true,"href":"https:\/\/www.europesays.com\/ee\/wp-json\/wp\/v2\/comments?post=132452"}],"version-history":[{"count":0,"href":"https:\/\/www.europesays.com\/ee\/wp-json\/wp\/v2\/posts\/132452\/revisions"}],"wp:featuredmedia":[{"embeddable":true,"href":"https:\/\/www.europesays.com\/ee\/wp-json\/wp\/v2\/media\/132453"}],"wp:attachment":[{"href":"https:\/\/www.europesays.com\/ee\/wp-json\/wp\/v2\/media?parent=132452"}],"wp:term":[{"taxonomy":"category","embeddable":true,"href":"https:\/\/www.europesays.com\/ee\/wp-json\/wp\/v2\/categories?post=132452"},{"taxonomy":"post_tag","embeddable":true,"href":"https:\/\/www.europesays.com\/ee\/wp-json\/wp\/v2\/tags?post=132452"}],"curies":[{"name":"wp","href":"https:\/\/api.w.org\/{rel}","templated":true}]}}