{"id":132482,"date":"2026-03-18T19:09:07","date_gmt":"2026-03-18T19:09:07","guid":{"rendered":"https:\/\/www.europesays.com\/ee\/132482\/"},"modified":"2026-03-18T19:09:07","modified_gmt":"2026-03-18T19:09:07","slug":"usa-foderaalreserv-jattis-intressimaarad-muutmata-valismaa","status":"publish","type":"post","link":"https:\/\/www.europesays.com\/ee\/132482\/","title":{"rendered":"USA f\u00f6deraalreserv j\u00e4ttis intressim\u00e4\u00e4rad muutmata | V\u00e4lismaa"},"content":{"rendered":"<p>USA f\u00f6deraalreserv otsustas kolmap\u00e4eval j\u00e4tta intressim\u00e4\u00e4rad muutmata.<\/p>\n<p>F\u00f6deraalreservi poliitikakujundajad otsustasid p\u00e4rast kohtumist h\u00e4\u00e4ltega 11-1 keskpanga baasintressim\u00e4\u00e4ra hoidmise poolt vahemikus 3,50\u20133,75 protsenti, vahendas The Wall Street Journal.<\/p>\n<p>F\u00f6deraalreserv tunnistas, et s\u00f5da L\u00e4his-Idas tekitab majanduslikku ebakindlust. Samal ajal n\u00e4itab majandus jahenemise m\u00e4rke ning avalikkus ootab inflatsiooni aeglustumist.\u00a0<\/p>\n<p>USA president Donald Trump on varem kritiseerinud f\u00f6deraalreservi ja Powelli isiklikult suutmatuse eest teha suuri intressim\u00e4\u00e4rade langetusi, mida president peab majanduse stimuleerimiseks vajalikuks.<\/p>\n","protected":false},"excerpt":{"rendered":"USA f\u00f6deraalreserv otsustas kolmap\u00e4eval j\u00e4tta intressim\u00e4\u00e4rad muutmata. F\u00f6deraalreservi poliitikakujundajad otsustasid p\u00e4rast kohtumist h\u00e4\u00e4ltega 11-1 keskpanga baasintressim\u00e4\u00e4ra hoidmise poolt&hellip;\n","protected":false},"author":2,"featured_media":132483,"comment_status":"","ping_status":"","sticky":false,"template":"","format":"standard","meta":{"footnotes":"","_share_on_mastodon":"0"},"categories":[14],"tags":[131,130,324,37,33,35,34,36,2502,2501,325],"class_list":["post-132482","post","type-post","status-publish","format-standard","has-post-thumbnail","category-ari","tag-ari","tag-business","tag-donald-trump","tag-ee","tag-eesti","tag-eesti-keel","tag-estonia","tag-estonian","tag-foderaalreserv","tag-jerome-powell","tag-usa"],"share_on_mastodon":{"url":"https:\/\/pubeurope.com\/@ee\/116251758786290645","error":""},"_links":{"self":[{"href":"https:\/\/www.europesays.com\/ee\/wp-json\/wp\/v2\/posts\/132482","targetHints":{"allow":["GET"]}}],"collection":[{"href":"https:\/\/www.europesays.com\/ee\/wp-json\/wp\/v2\/posts"}],"about":[{"href":"https:\/\/www.europesays.com\/ee\/wp-json\/wp\/v2\/types\/post"}],"author":[{"embeddable":true,"href":"https:\/\/www.europesays.com\/ee\/wp-json\/wp\/v2\/users\/2"}],"replies":[{"embeddable":true,"href":"https:\/\/www.europesays.com\/ee\/wp-json\/wp\/v2\/comments?post=132482"}],"version-history":[{"count":0,"href":"https:\/\/www.europesays.com\/ee\/wp-json\/wp\/v2\/posts\/132482\/revisions"}],"wp:featuredmedia":[{"embeddable":true,"href":"https:\/\/www.europesays.com\/ee\/wp-json\/wp\/v2\/media\/132483"}],"wp:attachment":[{"href":"https:\/\/www.europesays.com\/ee\/wp-json\/wp\/v2\/media?parent=132482"}],"wp:term":[{"taxonomy":"category","embeddable":true,"href":"https:\/\/www.europesays.com\/ee\/wp-json\/wp\/v2\/categories?post=132482"},{"taxonomy":"post_tag","embeddable":true,"href":"https:\/\/www.europesays.com\/ee\/wp-json\/wp\/v2\/tags?post=132482"}],"curies":[{"name":"wp","href":"https:\/\/api.w.org\/{rel}","templated":true}]}}