{"id":132485,"date":"2026-03-18T19:18:08","date_gmt":"2026-03-18T19:18:08","guid":{"rendered":"https:\/\/www.europesays.com\/ee\/132485\/"},"modified":"2026-03-18T19:18:08","modified_gmt":"2026-03-18T19:18:08","slug":"frederik-kuuts-raske-on-unistada-kui-elan-juba-unistuses-muusika","status":"publish","type":"post","link":"https:\/\/www.europesays.com\/ee\/132485\/","title":{"rendered":"Frederik K\u00fc\u00fcts: raske on unistada, kui elan juba unistuses | Muusika"},"content":{"rendered":"<p>Frederik K\u00fc\u00fctsi nimi ei pruugi teile esmapilgul midagi \u00f6elda, aga kindlasti olete kuulnud tema heliloomingut. 26-aastane P\u00e4rnumaalt p\u00e4rit muusikaprodutsent, kitarrist ja laulukirjutaja on viimase paari aasta jooksul produtseerinud rohkem raadiohitte kui suurem osa artiste kogu karj\u00e4\u00e4ri jooksul.<\/p>\n<p>V\u00e4ndra l\u00e4hedal Vihtra k\u00fclas \u00fcles kasvanud Frederik K\u00fc\u00fctsi puhul on muusikukarj\u00e4\u00e4r olnud justkui algusest peale ette kirjutatud. Kohaliku muusikapedagoogi poeg sai juba nimegi kuulsa Freddie Mercury j\u00e4rgi, aga m\u00e4\u00e4ravaks sai, kui Fredi sattus vanemate plaadikogus n\u00e4gema Queeni ja teiste roki kuldajastu b\u00e4ndide kontsertsalvestisi.<\/p>\n<p>&#8220;Lahe on vaadata, kuidas mingid onud v\u00f5tavad pillid k\u00e4tte ja siis mingi mass inimesi r\u00f5kkab \u00f5nnest, et nad selle pilli k\u00e4tte v\u00f5tsid ja t\u00f5mbasid lahtise G-duuri. See on lihtsalt nii v\u00f5imas. Ja tekkiski tunne, et ma tahan ka proovida,&#8221; meenutas K\u00fc\u00fcts.<\/p>\n<p>V\u00e4ndra muusikakooli l\u00f5petanud ja P\u00e4rnu muusikakoolis \u00f5ppinud Fredi paistis varakult silma tugeva t\u00f6\u00f6eetikaga, alustades pillim\u00e4ngu harjutamist kohati juba kell 7 hommikul. Teismelisena t\u00e4rkas ontlikus koolipoisis ka laulukirjutaja pisik ning 2016 n\u00e4gi ilmavalgust toona 16-aastase Fredi esimene l\u00fchialbum &#8220;Lights and lies&#8221;, mille salvestamiseks kogus \u00fchisrahastusplatvormi kaudu ka toetust.<\/p>\n<p>Toona veel P\u00e4rnu S\u00fctevaka Humanitaarg\u00fcmnaasiumi \u00f5pilasena otsis Frederik v\u00f5imalusi, kuidas laulja ja laulukirjutajana kanda kinnitada. Kuuldes, et tuntud muusikaprodutsendid eesotsas Stig R\u00e4staga moodustavad pealinnas uut b\u00e4ndi, haaras Fredi \u2013 teadmata t\u00e4pselt, millega tegemist \u2013 v\u00f5imalusest kinni.<\/p>\n<p>&#8220;Mina teadsin lihtsalt, et seal on produtsendid eesotsas Stig R\u00e4sta ja Ago Teppandi ja k\u00f5igi nendega. \u00c4kki ma saangi nendega \u00fchte ruumi, aga siis, kui nad \u00fctlesid, et tahavad poisteb\u00e4ndi teha, siis ma m\u00f5tlesin, et oot-oot-oot. Esialgu ma ikka \u00fctlesin &#8220;ei&#8221; ja siis nad helistasid mulle iga kahe p\u00e4eva tagant umbes kaks n\u00e4dalat j\u00e4rjest, kuni ma olin l\u00f5puks n\u00f5us tulema ja uuesti katsetama, et mis vaib nende t\u00fc\u00fcpidega siis on.&#8221;<\/p>\n<p>Menukat poisteb\u00e4ndi Beyond Beyond, mille koosseisus olid mitmed t\u00e4naseks tuntud muusikud, saatis erakordne menu eriti teismeliste t\u00fcdrukute seas ning Fredi s\u00f5nul leidis ta b\u00e4ndist head s\u00f5brad kogu eluks. Kuid 2017 novembris teatas Fredi paljude \u00fcllatuseks, et lahkub ansamblist.<\/p>\n<p>&#8220;Ma arvan, et sealt hakkas vaikselt see arusaam pihta, et see ikkagi ei ole mulle, lava keskel olemine ja laulmine. Ma tunnen ennast nii palju v\u00e4\u00e4rtuslikumana seal kuskil lava servas ja stuudios. Ma tean, et see on minu koht,&#8221; r\u00e4\u00e4kis K\u00fc\u00fcts.<\/p>\n<p>Siit sai Fredi jaoks alguse uus peat\u00fckk artistina. T\u00e4naseks on ta mitmek\u00fclgselt hinnatud instrumentalist, kes viljelenud muusikat v\u00e4ga laial spektril, alates mahedast soul&#8217;ist Anett Kulbiniga, RnB-st Inga Tislariga kuni alternatiivse popini ansambliga Gram-Of-Fun ja r\u00e4ppar Reketiga. Kuigi ta ise j\u00e4\u00e4b oma panusest r\u00e4\u00e4kides tagasihoidlikuks, on Fredi andnud oman\u00e4olise h\u00e4\u00e4le ja k\u00f5la k\u00fcmnetele artistidele Eestis \u2013 ja mis m\u00f5nev\u00f5rra v\u00e4hem teada \u2013 ka\u00a0v\u00e4ljaspool kodumaad.<\/p>\n<p>&#8220;Mul on n\u00fc\u00fcdseks t\u00f5esti L\u00e4tis m\u00f5ned lood v\u00e4lja tulnud. Soomes, Rootsis, Austrias, Norras, Taanis tuli hiljuti \u00fcks lugu. See on ka t\u00e4iega lahe kogemus v\u00f5tta ennast siit maailmast t\u00e4iesti v\u00e4lja ja siis panna ennast kuhugi, kus sul puudub igasugune kontekst. Siis saab h\u00e4sti toorel kujul lihtsalt minna, tutvuda ja match&#8217;ida mingite inimestega, kellest sina ei tea midagi, nemad ei tea sinust. Oledki puhta lehena lihtsalt niisugune loovisik.&#8221;<\/p>\n<p>Selle \u00fcle, kui palju K\u00fc\u00fcts iga aasta lugusid kirjutab, ta ise arvet ei pea. &#8220;Aga mul on endal nendest lugudest, mis v\u00e4lja tulevad, playlist&#8217;id iga aasta kohta. Ma arvan, et eelmisel aastal ehk 2025 oli neid seal sutsu \u00fcle 20. Oli v\u00e4ga viljakas aasta,&#8221; t\u00f5des ta.<\/p>\n<p>L\u00e4inud aasta kujunes Fredi jaoks t\u00f5epoolest erakordselt edukaks, sest tema k\u00e4e all valmis kaks mullu enim k\u00f5neainet p\u00f5hjustanud albumit \u2013 Sadu deb\u00fc\u00fctplaat &#8220;Probleemid paradiisis&#8221; ning Nublu ja Vaiko Epliku koost\u00f6\u00f6album &#8220;Supersuure hoolega&#8221;, mille kaasprodutsent oli juba Beyond Beyondist tuttavaks saanud Gevin Niglas.<\/p>\n<p>Kahepeale p\u00e4lvisid albumid jaanuaris toimunud Eesti muusikaauhindade gaalal \u00fcheksa nominatsiooni, Sadu p\u00e4rjati v\u00f5itjaks kolmes kategoorias ja Fredi isiklikult kuulutati Eesti muusikaettev\u00f5tluse auhindadel aasta produtsendiks.<\/p>\n<p>&#8220;Me alustasime ka tema kirjutatud lauluga &#8220;Lausu t\u00f5tt,&#8221; mis tollal oli lihtsalt niisugune p\u00f5hi, kus oli \u00fcks salm ja mingi refr\u00e4\u00e4ni idee ja algne produktsioon. Aga ma m\u00e4letan, et juba seal esimesel \u00f5htul Frederik \u00fctles, et sellest tuleb massiivne hitt,&#8221; meenutas Vaiko Eplik.<\/p>\n<p>&#8220;Ka m\u00e4letan, n\u00e4iteks kui kuulsin esimest versiooni loost &#8220;Kesselaid&#8221;, siis samamoodi Frederik juba teadis, mis sellest tuleb,&#8221; lisas ta.<\/p>\n<p>S\u00f5ber ja b\u00e4ndikaaslane, Trad.Attackist tuntuks saanud Sandra Sillamaa tunnistab, et Sadu moodustamise hetkel polnud Fredi sugugi ainus ega esimene produtsent, keda nad kaalusid, aga m\u00e4\u00e4ravaks sai \u00fcks telefonik\u00f5ne.<\/p>\n<p>&#8220;Ta oli just oma vanemate maakodus ja siis ta v\u00f5ttis vastu selle, tal oli kassipoeg s\u00fcles. Siis ta vaatas oma pruunide silmadega otsa (naerab) ja siis oli selge, et see mees hakkab naiste s\u00fcdameid murdma,&#8221; s\u00f5nas Sillamaa.<\/p>\n<p>&#8220;Oma kogemusest, olles 25 aastat sellel muusikaskeenel teinud erinevate inimestega koost\u00f6\u00f6d, saan \u00f6elda, et tema on kindlasti \u00fcks k\u00f5ige p\u00f5hjalikumaid. Ma ei saa teles \u00f6elda, kuidas me teda kutsume, aga ta on super t\u00e4pne,&#8221; lisas Sillamaa.<\/p>\n<p>&#8220;Kui meil oli kultuurikatlas kaks kontserti aasta l\u00f5pus, siis 29. detsembri \u00f5htul see salvestati ja kui me 30. kultuurikatlas uuesti kell kaks kohtusime, siis ta \u00fctles: &#8220;Nii ma vaatasin selle laivi l\u00e4bi\u2026&#8221; Ma olin nagu jesus christ! Ma magasin ja \u00fcritasin taastuda eelmisest kontserdist. &#8220;Mul on m\u00f5ned m\u00e4rkmed tehtud, et Sandra seal kolmandas salmis, kolmanda loo ajal, sa v\u00f5iksid minna ettepoole ja panna inimesed plaksutama!&#8221; Ma pole kunagi n\u00e4inud sellist p\u00f5hjalikkust, et keegi viitsib anal\u00fc\u00fcsida kontserti, et me 24 tundi hiljem kontserti andes saaksime olla veel kvaliteetsemad ja pakkuda veel suuremat elamust,&#8221; jagas Sillamaa oma h\u00e4mmastust.<\/p>\n<p>Nii Sadu kui Nublu \u2013 kohati isegi paralleelselt t\u00f6\u00f6s olnud albumid \u2013 s\u00fcndisid Telliskivi loomelinnakus asuvas helistuudios, kus Fredi on veetnud viimasel ajal nii \u00f6id kui p\u00e4evi.<\/p>\n<p>&#8220;T\u00e4nap\u00e4eval on produtsent, kui kasutada praegu on v\u00e4ga populaarset toidutegemise analoogiat, mingis m\u00f5ttes see inimene, kes siis valmistab k\u00f5ik pinnad ette, on see, kelle k\u00f6\u00f6gis kokku saadakse. Iga\u00fcks v\u00f5tab mingid komponendid kaasa, sina v\u00f5tad hakkliha, mina v\u00f5tan porgandid, siis koos teeme s\u00fc\u00fca ja siis produtsent l\u00f5puks ka nii-\u00f6elda serveerib selle asja ja koristab k\u00f6\u00f6gi \u00e4ra,&#8221; selgitas Eplik.<\/p>\n<p>Kui Epliku s\u00f5nul oli Fredi nende albumi kirjutamise juures justkui peakokk k\u00f6\u00f6gis, kelle hallata oli plaat kui tervik, siis Sadu plaadil on ka suurem osa lugusid Fredi kirjutatud, ehkki algne t\u00f5uge on kohati p\u00e4rit teistel b\u00e4ndiliikmetelt.<\/p>\n<p>&#8220;See on \u00fcsna uskumatu, et k\u00fcmned tuhanded naised Eestis samastuvad nende tekstidega, mille on kirjutanud \u00fcks 26-aastane mees. Mulle tundub, et mingisugune hiti-tunnetus on selles inimeses,&#8221; s\u00f5nas Eplik.<\/p>\n<p>&#8220;See, kuidas ta suudab panna need tunded ja m\u00f5tted, s\u00f5nadesse, nii et see k\u00f5netab inimesi see on eraldi oskus. Ma ei tea, kas seda saab \u00f5ppida,&#8221; lisas Sandra Sillamaa<\/p>\n<p>&#8220;See tuleb tal suurep\u00e4raselt v\u00e4lja. Et isegi mina, kes ma enda arvates v\u00e4ga palju anal\u00fc\u00fcsin, m\u00f5tlen ja tegelen oma sisemaailmaga, ei suuda panna k\u00f5iki oma tundeid nii h\u00e4sti ja selgelt s\u00f5nadesse, kui seda teeb Fredi. Me r\u00e4\u00e4gime stuudios mingist loost, mingist minu kogemusest ja siis l\u00e4heb k\u00fcmme minutit m\u00f6\u00f6da ning ta on pannud selle s\u00f5nadesse. T\u00e4pselt seda ma tahtsingi \u00f6elda,&#8221; t\u00f5des Sillamaa.<\/p>\n<p>K\u00fc\u00fctsi s\u00f5nul on tal on olnud viimasel ajal v\u00e4ga raske unistada. &#8220;Ma olen v\u00f5tnud varasemalt selle jaoks t\u00e4itsa mingeid hetki koos teiste inimestega, kellega ma olen harjunud seda tegema. M\u00f5tlema suurelt, unistama valjult ja ma usun, et k\u00f5igel, mida me v\u00e4lja \u00fctleme, on j\u00f5ud. Aga praegu on selline periood, kus ma vist tunnen, et ma elan mingisugust unistust tegelikult l\u00e4bi. Mulle hullult meeldib minu igap\u00e4ev,&#8221; r\u00e4\u00e4kis K\u00fc\u00fcts.<\/p>\n<p>&#8220;Just see pidevas lapselikus olekus olemine, see konstantne m\u00e4ng. Ma ei tahaks seda kunagi endas \u00e4ra kaotada,&#8221; lisas ta.<\/p>\n","protected":false},"excerpt":{"rendered":"Frederik K\u00fc\u00fctsi nimi ei pruugi teile esmapilgul midagi \u00f6elda, aga kindlasti olete kuulnud tema heliloomingut. 26-aastane P\u00e4rnumaalt p\u00e4rit&hellip;\n","protected":false},"author":2,"featured_media":132486,"comment_status":"","ping_status":"","sticky":false,"template":"","format":"standard","meta":{"footnotes":"","_share_on_mastodon":"0"},"categories":[16],"tags":[32954,60074,37,33,35,173,34,36,5021,60075,140,3148,434,5020,60076,550],"class_list":["post-132485","post","type-post","status-publish","format-standard","has-post-thumbnail","category-meelelahutus","tag-anett-kulbin","tag-beyond-beyond","tag-ee","tag-eesti","tag-eesti-keel","tag-entertainment","tag-estonia","tag-estonian","tag-frederik-kuuts","tag-fredi","tag-meelelahutus","tag-nublu","tag-pealtnagija","tag-sadu","tag-supersuure-hoolega","tag-vaiko-eplik"],"share_on_mastodon":{"url":"https:\/\/pubeurope.com\/@ee\/116251794088872612","error":""},"_links":{"self":[{"href":"https:\/\/www.europesays.com\/ee\/wp-json\/wp\/v2\/posts\/132485","targetHints":{"allow":["GET"]}}],"collection":[{"href":"https:\/\/www.europesays.com\/ee\/wp-json\/wp\/v2\/posts"}],"about":[{"href":"https:\/\/www.europesays.com\/ee\/wp-json\/wp\/v2\/types\/post"}],"author":[{"embeddable":true,"href":"https:\/\/www.europesays.com\/ee\/wp-json\/wp\/v2\/users\/2"}],"replies":[{"embeddable":true,"href":"https:\/\/www.europesays.com\/ee\/wp-json\/wp\/v2\/comments?post=132485"}],"version-history":[{"count":0,"href":"https:\/\/www.europesays.com\/ee\/wp-json\/wp\/v2\/posts\/132485\/revisions"}],"wp:featuredmedia":[{"embeddable":true,"href":"https:\/\/www.europesays.com\/ee\/wp-json\/wp\/v2\/media\/132486"}],"wp:attachment":[{"href":"https:\/\/www.europesays.com\/ee\/wp-json\/wp\/v2\/media?parent=132485"}],"wp:term":[{"taxonomy":"category","embeddable":true,"href":"https:\/\/www.europesays.com\/ee\/wp-json\/wp\/v2\/categories?post=132485"},{"taxonomy":"post_tag","embeddable":true,"href":"https:\/\/www.europesays.com\/ee\/wp-json\/wp\/v2\/tags?post=132485"}],"curies":[{"name":"wp","href":"https:\/\/api.w.org\/{rel}","templated":true}]}}