{"id":132504,"date":"2026-03-18T19:45:07","date_gmt":"2026-03-18T19:45:07","guid":{"rendered":"https:\/\/www.europesays.com\/ee\/132504\/"},"modified":"2026-03-18T19:45:07","modified_gmt":"2026-03-18T19:45:07","slug":"valitsus-haaletas-maha-otsuse-moodustada-politseijuhtide-kaasuse-uurimiskomisjon-eesti","status":"publish","type":"post","link":"https:\/\/www.europesays.com\/ee\/132504\/","title":{"rendered":"Valitsus h\u00e4\u00e4letas maha otsuse moodustada politseijuhtide kaasuse uurimiskomisjon | Eesti"},"content":{"rendered":"<p>P\u00f5hiseaduskomisjon otsustas m\u00f6\u00f6dunud n\u00e4dalal toetada ettepanekut moodustada uurimiskomisjon politseijuhtide kriminaalmenetluse ja sellele eelnenud kaitsepolitseiameti tegevuse uurimiseks. Komisjoni otsusele vaatamata h\u00e4\u00e4letasid Reformierakonna ja Eesti 200 saadikud eeln\u00f5u parlamendi menetlusest v\u00e4lja.<\/p>\n<p>Eeln\u00f5ud ette kandnud\u00a0Priit Sibula\u00a0s\u00f5nul on oluline, et \u00fchiskond usaldaks \u00f5iguskaitseasutusi.<\/p>\n<p>&#8220;Kui erinevates institutsioonides v\u00e4ga k\u00f5rgel ametikohal, sealjuures s\u00fc\u00fcdistuse saamise ajal PPA peadirektorina, t\u00f6\u00f6tanud isikud esinevad v\u00e4idetega, et nende vastu algatatud ja kolm kohtuastet l\u00e4binud kriminaalmenetlus oli kantud isiklikust motivatsioonist, \u00f5\u00f5nestab see usaldust \u00f5iguskaitse vastu. Riigikogu liikmed peaksid rahvasaadikutena t\u00f6\u00f6tama selle nimel, et seda usaldust kaitsta ja taastada. Mul on kahju, et koalitsioonisaadikud ei pidanud vajalikuks selle tagamiseks uurimiskomisjoni moodustamist toetada,&#8221; \u00fctles Sibul.<\/p>\n<p>P\u00f5hiseaduskomisjoni poolt ettekande pidanud\u00a0Ants Frosch\u00a0nentis, et komisjon otsustas h\u00e4\u00e4ltega 5:1 toetada uurimiskomisjoniga edasi liikumist.<\/p>\n<p>&#8220;Komisjonis oli meil v\u00f5imalik \u00e4ra kuulata ka Margus Kurmi ja Eerik Heldna selgitused ning minu hinnangul k\u00e4itusid riigikogu liikmed \u00f5igustatult, kui soovitasid uurimiskomisjon moodustada. Ainsana polnud uurimiskomisjoni moodustamise poolt komisjoni esimees, Reformierakond vastu ei h\u00e4\u00e4letanud. Miks nad n\u00fc\u00fcd otsustasid, et t\u00e4iendava selguse tagamine nii olulises k\u00fcsimuses pole vajalik, ei oska ma \u00f6elda,&#8221; lausus Frosch.<\/p>\n","protected":false},"excerpt":{"rendered":"P\u00f5hiseaduskomisjon otsustas m\u00f6\u00f6dunud n\u00e4dalal toetada ettepanekut moodustada uurimiskomisjon politseijuhtide kriminaalmenetluse ja sellele eelnenud kaitsepolitseiameti tegevuse uurimiseks. Komisjoni otsusele&hellip;\n","protected":false},"author":2,"featured_media":107569,"comment_status":"","ping_status":"","sticky":false,"template":"","format":"standard","meta":{"footnotes":"","_share_on_mastodon":"0"},"categories":[5],"tags":[33981,26,27,37,33,35,34,36,31,32,21,28,29,19,60086,57673,25,17153,23,24,22,20,30],"class_list":["post-132504","post","type-post","status-publish","format-standard","has-post-thumbnail","category-uldised-uudised","tag-ants-frosch","tag-breaking-news","tag-breakingnews","tag-ee","tag-eesti","tag-eesti-keel","tag-estonia","tag-estonian","tag-featured-news","tag-featurednews","tag-headlines","tag-latest-news","tag-latestnews","tag-news","tag-pohiseaduskomisjon","tag-politseijuhtide-kaasuse-erikomisjon","tag-populaarseimad-lood","tag-priit-sibul","tag-top-stories","tag-topstories","tag-uldised-uudised","tag-uudised","tag-viimased-uudised"],"share_on_mastodon":{"url":"https:\/\/pubeurope.com\/@ee\/116251900205697889","error":""},"_links":{"self":[{"href":"https:\/\/www.europesays.com\/ee\/wp-json\/wp\/v2\/posts\/132504","targetHints":{"allow":["GET"]}}],"collection":[{"href":"https:\/\/www.europesays.com\/ee\/wp-json\/wp\/v2\/posts"}],"about":[{"href":"https:\/\/www.europesays.com\/ee\/wp-json\/wp\/v2\/types\/post"}],"author":[{"embeddable":true,"href":"https:\/\/www.europesays.com\/ee\/wp-json\/wp\/v2\/users\/2"}],"replies":[{"embeddable":true,"href":"https:\/\/www.europesays.com\/ee\/wp-json\/wp\/v2\/comments?post=132504"}],"version-history":[{"count":0,"href":"https:\/\/www.europesays.com\/ee\/wp-json\/wp\/v2\/posts\/132504\/revisions"}],"wp:featuredmedia":[{"embeddable":true,"href":"https:\/\/www.europesays.com\/ee\/wp-json\/wp\/v2\/media\/107569"}],"wp:attachment":[{"href":"https:\/\/www.europesays.com\/ee\/wp-json\/wp\/v2\/media?parent=132504"}],"wp:term":[{"taxonomy":"category","embeddable":true,"href":"https:\/\/www.europesays.com\/ee\/wp-json\/wp\/v2\/categories?post=132504"},{"taxonomy":"post_tag","embeddable":true,"href":"https:\/\/www.europesays.com\/ee\/wp-json\/wp\/v2\/tags?post=132504"}],"curies":[{"name":"wp","href":"https:\/\/api.w.org\/{rel}","templated":true}]}}