{"id":132545,"date":"2026-03-18T21:02:08","date_gmt":"2026-03-18T21:02:08","guid":{"rendered":"https:\/\/www.europesays.com\/ee\/132545\/"},"modified":"2026-03-18T21:02:08","modified_gmt":"2026-03-18T21:02:08","slug":"vaata-ja-kuula-%e2%9f%a9-parnumaal-jai-rajakaamera-ette-ilves-kes-haalekalt-paarilist-otsis","status":"publish","type":"post","link":"https:\/\/www.europesays.com\/ee\/132545\/","title":{"rendered":"VAATA JA KUULA \u27e9 P\u00e4rnumaal j\u00e4i rajakaamera ette ilves, kes h\u00e4\u00e4lekalt paarilist otsis"},"content":{"rendered":"<p>\u00abJooksuaeg paneb muidu vaikse looma paarilist otsides h\u00e4\u00e4litsema. Testosteroon m\u00f6llab t\u00e4iega,\u00bb kommenteeris rajakaamera omanik Toomas N\u00e4\u00e4r.<\/p>\n<p>Kuula videost, kuidas k\u00f5lab ilvese pulmalaul:<\/p>\n<p>Ilvese nn pulmalauluks kutsutakse tema paaritusaja h\u00e4\u00e4litsusi, mida on k\u00f5ige t\u00f5en\u00e4olisem kuulda talve l\u00f5pus ja varakevadel. Muul ajal on ilves \u00fcpriski h\u00e4\u00e4letu ja inimsilma eest varjus, kuid jooksuajal muutub ta oluliselt h\u00e4\u00e4lekamaks.<\/p>\n<p>\u00abVeedan palju aega looduses, aga tavakaameraga ei saa seda l\u00e4hedust ja loomulikku olemist. Rajakaamera annab hea pildi ja eales ei tea, kes pildile j\u00e4\u00e4nud on,\u00bb lisas ta, miks rajakaamerad talle huvi pakuvad.<\/p>\n<p>Tavaliste metsaasukate k\u00f5rval on N\u00e4\u00e4ri kaamera ette j\u00e4\u00e4nud ka v\u00e4ga haruldasi loomi. N\u00e4iteks mullu oktoobris \u00f5nnestus kohtuda invasiivse v\u00f5\u00f5rliigi esindaja t\u00e4hnikhirvega. Loe pikemalt <a target=\"_blank\" rel=\"noopener noreferrer nofollow\" href=\"https:\/\/lemmik.postimees.ee\/8346749\/haruldane-foto-parnumaal-nahti-liikumas-ohtliku-voorliigi-esindajat\">SIIT<\/a>.<\/p>\n<p>Ilves muutub aktiivseks<\/p>\n<p>Keskkonnaamet annab teada, et jooksuaja perioodil muutuvad ilvesed aktiivsemaks ja v\u00f5ivad tavap\u00e4rasemast sagedamini sattuda ka inimeste l\u00e4hedusse.<\/p>\n<p>Keskkonnaameti s\u00f5nul on ilves uudishimulik ja ettevaatlik; peamiselt h\u00e4maras ja \u00f6\u00f6sel aktiivne; inimesele ohutu, sest hoiab inimesest pigem eemale ning kaob enamasti enne, kui inimene teda m\u00e4rkab. K\u00fcll aga ei oska ilves karta autosid ja hooneid, mist\u00f5ttu v\u00f5ib ta aeg-ajalt sattuda \u00f5uealadele v\u00f5i teede \u00e4\u00e4rde.<\/p>\n<p>Kui sinu kodu \u00fcmbruses liiguvad ilvesed, soovitab keskkonnaamet hoida lemmikloomad koidu-, videviku- ja \u00f6\u00f6tundidel siseruumis v\u00f5i turvalises aedikus ning hoida toiduj\u00e4\u00e4tmed ja lemmikloomatoit kinniselt, et mitte harjutada metsloomi lihtsa toidulaua l\u00e4heduses viibima.<\/p>\n<p>Ilvest kohates tasub j\u00e4\u00e4da rahulikuks ja rahulikult taanduda.<\/p>\n<p>Kui leiad ilvese murtud lemmik- v\u00f5i karilooma, palub keskkonnaamet sellest kindlasti teada anda t\u00f6\u00f6ajal telefonil 662 5999 v\u00f5i e-posti aadressil <a href=\"https:\/\/lemmik.postimees.ee\/8436142\/mailto:info@keskkonnaamet.ee\" target=\"_blank\" rel=\"nofollow noopener\">info@keskkonnaamet.ee<\/a>, muul ajal riigiinfo telefonil 1247.<\/p>\n","protected":false},"excerpt":{"rendered":"\u00abJooksuaeg paneb muidu vaikse looma paarilist otsides h\u00e4\u00e4litsema. Testosteroon m\u00f6llab t\u00e4iega,\u00bb kommenteeris rajakaamera omanik Toomas N\u00e4\u00e4r. Kuula videost,&hellip;\n","protected":false},"author":2,"featured_media":132546,"comment_status":"","ping_status":"","sticky":false,"template":"","format":"standard","meta":{"footnotes":"","_share_on_mastodon":"0"},"categories":[5],"tags":[26,27,37,33,35,34,36,31,32,21,1684,8547,2833,1452,28,29,7663,19,25,60088,26573,13745,23,24,22,20,30],"class_list":["post-132545","post","type-post","status-publish","format-standard","has-post-thumbnail","category-uldised-uudised","tag-breaking-news","tag-breakingnews","tag-ee","tag-eesti","tag-eesti-keel","tag-estonia","tag-estonian","tag-featured-news","tag-featurednews","tag-headlines","tag-ilves","tag-inimene","tag-jooksuaeg","tag-keskkonnaamet","tag-latest-news","tag-latestnews","tag-lemmikloom","tag-news","tag-populaarseimad-lood","tag-pulmalaul","tag-rajakaamera","tag-toomas-naar","tag-top-stories","tag-topstories","tag-uldised-uudised","tag-uudised","tag-viimased-uudised"],"share_on_mastodon":{"url":"https:\/\/pubeurope.com\/@ee\/116252202905867343","error":""},"_links":{"self":[{"href":"https:\/\/www.europesays.com\/ee\/wp-json\/wp\/v2\/posts\/132545","targetHints":{"allow":["GET"]}}],"collection":[{"href":"https:\/\/www.europesays.com\/ee\/wp-json\/wp\/v2\/posts"}],"about":[{"href":"https:\/\/www.europesays.com\/ee\/wp-json\/wp\/v2\/types\/post"}],"author":[{"embeddable":true,"href":"https:\/\/www.europesays.com\/ee\/wp-json\/wp\/v2\/users\/2"}],"replies":[{"embeddable":true,"href":"https:\/\/www.europesays.com\/ee\/wp-json\/wp\/v2\/comments?post=132545"}],"version-history":[{"count":0,"href":"https:\/\/www.europesays.com\/ee\/wp-json\/wp\/v2\/posts\/132545\/revisions"}],"wp:featuredmedia":[{"embeddable":true,"href":"https:\/\/www.europesays.com\/ee\/wp-json\/wp\/v2\/media\/132546"}],"wp:attachment":[{"href":"https:\/\/www.europesays.com\/ee\/wp-json\/wp\/v2\/media?parent=132545"}],"wp:term":[{"taxonomy":"category","embeddable":true,"href":"https:\/\/www.europesays.com\/ee\/wp-json\/wp\/v2\/categories?post=132545"},{"taxonomy":"post_tag","embeddable":true,"href":"https:\/\/www.europesays.com\/ee\/wp-json\/wp\/v2\/tags?post=132545"}],"curies":[{"name":"wp","href":"https:\/\/api.w.org\/{rel}","templated":true}]}}