{"id":132757,"date":"2026-03-19T08:11:07","date_gmt":"2026-03-19T08:11:07","guid":{"rendered":"https:\/\/www.europesays.com\/ee\/132757\/"},"modified":"2026-03-19T08:11:07","modified_gmt":"2026-03-19T08:11:07","slug":"iraani-soja-tottu-tagasi-astunud-usa-endine-terrorismivastase-voitluse-juht-on-fbi-uurimise-all","status":"publish","type":"post","link":"https:\/\/www.europesays.com\/ee\/132757\/","title":{"rendered":"Iraani s\u00f5ja t\u00f5ttu tagasi astunud USA endine terrorismivastase v\u00f5itluse juht on FBI uurimise all"},"content":{"rendered":"<p>Uurimine algas juba enne Kenti tagasiastumist, teatasid allikad. \u00dche allika s\u00f5nul tegeleb juba m\u00f5nda aega kestnud juurdlusega FBI kriminaaldivisjon, vahendab CBS News.<\/p>\n<p>FBI ise keeldus kommenteerimast.<\/p>\n<p>Valge Maja endine personalijuhi aset\u00e4itja Taylor Budowich vihjas sellele teemale veidi p\u00e4rast Kenti tagasiastumist, kirjutades X-is, et Kent oli \u201etihti riikliku julgeoleku lekete keskmes\u201c ning \u201eveetis kogu oma aja, tehes t\u00f6\u00f6d k\u00e4suahela kahjustamiseks ja presidendi \u00f5\u00f5nestamiseks\u201c.<\/p>\n<p>Kent teatas tagasiastumisest teisip\u00e4eval avalikus kirjas, milles kritiseeris otsust alustada Iraani vastu s\u00f5da, kuigi Iraan \u201eei kujutanud meie riigile mingit vahetut ohtu\u201c. Kent kinnitas ka, et \u201eon selge, et me alustasime seda s\u00f5da <a rel=\"noopener nofollow\" target=\"_blank\" href=\"https:\/\/www.delfi.ee\/teema\/23674619\/iisrael\" tag-id=\"23674619\">Iisraeli<\/a> surve ja tema m\u00f5juka Ameerika lobi t\u00f5ttu\u201c.<\/p>\n<p>\u201eMa ei saa k\u00e4imas olevat s\u00f5da puhta s\u00fcdametunnistusega toetada,\u201c kirjutas Kent.<\/p>\n<p>Eile p\u00f5hjendas Kent oma tagasiastumist intervjuus Fox Newsi endisele saatejuhile <a rel=\"noopener nofollow\" target=\"_blank\" href=\"https:\/\/www.delfi.ee\/teema\/96859602\/tucker-carlson\" tag-id=\"96859602\">Tucker Carlsonile<\/a>. Kent kinnitas, et ei ole mingeid luureandmeid selle kohta, et Iraan kavatses USA-d ennetavalt r\u00fcnnata v\u00f5i oli kohe tuumarelva valmis saamas, ning \u00fctles, et enne s\u00f5da ei olnud korralikku debatti, vaid \u201eiisraellased juhtisid otsuse tegemist\u201c.<\/p>\n<p>Trumpi administratsioon on andud vastul\u00f6\u00f6gi. Valge Maja pressisekret\u00e4r <a rel=\"noopener nofollow\" target=\"_blank\" href=\"https:\/\/www.delfi.ee\/teema\/96867917\/karoline-leavitt\" tag-id=\"96867917\">Karoline Leavitt<\/a> \u00fctles teisip\u00e4eval, et Kenti tagasiastumiskiri on t\u00e4is \u201evalev\u00e4iteid\u201c, kinnitas, et Iraan kujutas endast USA-le vahetut ohtu, ning nimetas v\u00e4iteid, et USA presidendi <a rel=\"noopener nofollow\" target=\"_blank\" href=\"https:\/\/www.delfi.ee\/teema\/32758637\/donald-trump\" tag-id=\"32758637\">Donald Trumpi<\/a> t\u00f5mbas s\u00f5tta teine riik, \u201esolvavateks ja naeruv\u00e4\u00e4rseteks\u201c.<\/p>\n<p>Leavitt pisendas ka Kenti t\u00e4htsust, \u00f6eldes eile Fox Newsile, et Kent \u201eei osalenud \u00fcheski arutelus\u201c enne s\u00f5da ega selle ajal ega olnud pikka aega m\u00e4nginud mingit rolli presidendi luure\u00fclevaadete koostamises.<\/p>\n<p>Kent v\u00e4itis Carlsonile, et administratsioon ei kutsunud kordagi luureagentuure jagama kogu olemasolevat informatsiooni Iraani kohta ja lisas: \u201eMa olen kindel, et administratsioon tuleb v\u00e4lja ja \u00fctleb, et ei, sa ei olnud lihtsalt kutsutud, aga mul on \u00fcsna hea arusaam, kuidas need kohtumised v\u00e4lja n\u00e4evad, ja isegi kui ma ei olnud kutsutud, oleksin ma v\u00e4hemalt teadnud, kui need oleksid toimunud.\u201c<\/p>\n<p>Kuidas see lugu Sind end tundma pani? Saada <a href=\"https:\/\/www.delfi.ee\/artikkel\/120443216\/iraani-soja-tottu-tagasi-astunud-usa-endine-terrorismivastase-voitluse-juht-on-fbi-uurimise-all\/kommentaarid\" class=\"article-body-bottom__comment article-body-bottom__comment--write button button--primary button--size-auto\" rel=\"nofollow noopener\" target=\"_blank\"> Kommenteeri <\/a><a href=\"https:\/\/www.delfi.ee\/artikkel\/120443216\/iraani-soja-tottu-tagasi-astunud-usa-endine-terrorismivastase-voitluse-juht-on-fbi-uurimise-all\/kommentaarid\" class=\"article-body-bottom__comment article-body-bottom__comment--read button button--size-auto\" rel=\"nofollow noopener\" target=\"_blank\"> Loe kommentaare (4)<\/a><\/p>\n","protected":false},"excerpt":{"rendered":"Uurimine algas juba enne Kenti tagasiastumist, teatasid allikad. \u00dche allika s\u00f5nul tegeleb juba m\u00f5nda aega kestnud juurdlusega FBI&hellip;\n","protected":false},"author":2,"featured_media":132758,"comment_status":"","ping_status":"","sticky":false,"template":"","format":"standard","meta":{"footnotes":"","_share_on_mastodon":"0"},"categories":[80],"tags":[26,27,324,37,33,35,34,36,1899,31,32,21,619,1925,3303,55505,28,29,95,19,25,23,24,60176,22,325,20,1177,30,92,93,94],"class_list":["post-132757","post","type-post","status-publish","format-standard","has-post-thumbnail","category-maailm","tag-breaking-news","tag-breakingnews","tag-donald-trump","tag-ee","tag-eesti","tag-eesti-keel","tag-estonia","tag-estonian","tag-fbi","tag-featured-news","tag-featurednews","tag-headlines","tag-iisrael","tag-iraan","tag-karoline-leavitt","tag-lahis-ida-soda","tag-latest-news","tag-latestnews","tag-maailm","tag-news","tag-populaarseimad-lood","tag-top-stories","tag-topstories","tag-tucker-carlson","tag-uldised-uudised","tag-usa","tag-uudised","tag-valge-maja-usa","tag-viimased-uudised","tag-world","tag-world-news","tag-worldnews"],"share_on_mastodon":{"url":"https:\/\/pubeurope.com\/@ee\/116254833555568638","error":""},"_links":{"self":[{"href":"https:\/\/www.europesays.com\/ee\/wp-json\/wp\/v2\/posts\/132757","targetHints":{"allow":["GET"]}}],"collection":[{"href":"https:\/\/www.europesays.com\/ee\/wp-json\/wp\/v2\/posts"}],"about":[{"href":"https:\/\/www.europesays.com\/ee\/wp-json\/wp\/v2\/types\/post"}],"author":[{"embeddable":true,"href":"https:\/\/www.europesays.com\/ee\/wp-json\/wp\/v2\/users\/2"}],"replies":[{"embeddable":true,"href":"https:\/\/www.europesays.com\/ee\/wp-json\/wp\/v2\/comments?post=132757"}],"version-history":[{"count":0,"href":"https:\/\/www.europesays.com\/ee\/wp-json\/wp\/v2\/posts\/132757\/revisions"}],"wp:featuredmedia":[{"embeddable":true,"href":"https:\/\/www.europesays.com\/ee\/wp-json\/wp\/v2\/media\/132758"}],"wp:attachment":[{"href":"https:\/\/www.europesays.com\/ee\/wp-json\/wp\/v2\/media?parent=132757"}],"wp:term":[{"taxonomy":"category","embeddable":true,"href":"https:\/\/www.europesays.com\/ee\/wp-json\/wp\/v2\/categories?post=132757"},{"taxonomy":"post_tag","embeddable":true,"href":"https:\/\/www.europesays.com\/ee\/wp-json\/wp\/v2\/tags?post=132757"}],"curies":[{"name":"wp","href":"https:\/\/api.w.org\/{rel}","templated":true}]}}