{"id":132934,"date":"2026-03-19T11:30:08","date_gmt":"2026-03-19T11:30:08","guid":{"rendered":"https:\/\/www.europesays.com\/ee\/132934\/"},"modified":"2026-03-19T11:30:08","modified_gmt":"2026-03-19T11:30:08","slug":"video-ja-galerii-%e2%9f%a9-pollumehed-tuletasid-riigijuhtidele-ennast-ja-oma-vajadusi-meelde-sakala","status":"publish","type":"post","link":"https:\/\/www.europesays.com\/ee\/132934\/","title":{"rendered":"VIDEO JA GALERII \u27e9 P\u00f5llumehed tuletasid riigijuhtidele ennast ja oma vajadusi meelde &#8211; Sakala"},"content":{"rendered":"<ol>\n<li><a href=\"https:\/\/news.google.com\/rss\/articles\/CBMiugFBVV95cUxNbTJrZ3BuaWx5TmY4SmZxSXpLV1dLdUE5WTljVU1FV3ZyUENWdjMzcHJRa1Mwck1oNGNqUEFYNEFQV1BibkJwWE12WjRwOW1CNndYQnBCMEhtb2RFZk1aUVE3NEhTRmZhWTBpWHAxSHh1UnlFOEd3VUgtS3BfMUM1d2VRblpYVS1sMlFQR1RMbUE0V1N2NFNVS1FQSlVTRk9kNVpETm5uNi04Y0hhNC13VkdfaFhfVkx6VkE?oc=5\" target=\"_blank\" rel=\"nofollow noopener\">VIDEO JA GALERII \u27e9 P\u00f5llumehed tuletasid riigijuhtidele ennast ja oma vajadusi meelde<\/a>&nbsp;&nbsp;Sakala<\/li>\n<li><a href=\"https:\/\/news.google.com\/rss\/articles\/CBMiekFVX3lxTE1KN0lqWWFOSEM1SjJXclJRc2pMdVpFdy11TWZKTExMYkRQaVh6aGE4b3ZndWllWkpsLVBLTHFZLU9CVjhQajBzZzFLdmdXbERwSmNlRUJpWjVWYm5BZ1BIeEJxbElwMnc1OW5QWGt4TG1XcG1lb1NQT0N3?oc=5\" target=\"_blank\" rel=\"nofollow noopener\">FOTOD \u27e9 P\u00f5llumehed kogunesid protestiks<\/a>&nbsp;&nbsp;Postimees<\/li>\n<li><a href=\"https:\/\/news.google.com\/rss\/articles\/CBMiowFBVV95cUxOTlNJTTA5dm9yZTF6aEpMUHBRU0pNQTRkYjFzbVhsWHg1UlY2aVJlQjRYcWd3c1ZuekRkYkdvS2tqUnJoUW51RzJ2ay1IWDNET19xWmhrZ0xlQVN6T3Y0aDFhbkNWWjZHNi1wZWU2MnhkVXE1eHlTMC1FX1ZucVI3ZFFtUnFOUE02NkpTdnRtbFF5Y2VPSC1IbG1Va3l1TDF1Q1BN?oc=5\" target=\"_blank\" rel=\"nofollow noopener\">P\u00f5llumehed tuletasid riigijuhtidele ennast ja oma vajadusi meelde<\/a>&nbsp;&nbsp;Sakala<\/li>\n<li><a href=\"https:\/\/news.google.com\/rss\/articles\/CBMiygFBVV95cUxNTWVxcW9kS3NVR1dzenRIVHNDajJvNURjdGVvQldCTVczTFREeWM2UGhNUnNzMF9SNk02TmRKd2E1bGFZajM5aUk4cVVWRzFLbG1oODZDdHVubTVsc0ROMWFMOWRKZGxwUWtyRlZ3UmNWOW8wamJ1MFcyVWl6QXQtY2NEM1lZb2dQbkhOUW8tclpvV1ZScGw4N3RmdVZzMUMyQUtFWTl1VUxKR18tM3NtSUozcmNubHBmcmdxd2tvc0gtcEtvVmJ4TXV3?oc=5\" target=\"_blank\" rel=\"nofollow noopener\">PROTEST ISEENDA VASTU? Minister Terras liitub p\u00f5llumeeste meeleavaldusega, et n\u00f5uda valitsuselt raha<\/a>&nbsp;&nbsp;\u00d5htuleht<\/li>\n<li><a href=\"https:\/\/news.google.com\/rss\/articles\/CBMigAFBVV95cUxPR2prMGpjZWZTMmRlTG56bVJ3em9jcERTTlJ3ZHRvV0pfM19BYVRJWkFoSnpCd04xUURYQXloOUt0Mm5rUjdBYm0wWVNYMWxKc3huVFBmZFJEWGNLYzBEcHA5cHJ4dEROYzhZZVFMczVPQV9QUjJrS0EwRzZlb0wxcQ?oc=5\" target=\"_blank\" rel=\"nofollow noopener\">L\u00e4\u00e4nemaa p\u00f5llumehed tulevad meelt avaldama<\/a>&nbsp;&nbsp;L\u00e4\u00e4ne Elu<\/li>\n<\/ol>\n","protected":false},"excerpt":{"rendered":"VIDEO JA GALERII \u27e9 P\u00f5llumehed tuletasid riigijuhtidele ennast ja oma vajadusi meelde&nbsp;&nbsp;Sakala FOTOD \u27e9 P\u00f5llumehed kogunesid protestiks&nbsp;&nbsp;Postimees P\u00f5llumehed&hellip;\n","protected":false},"author":2,"featured_media":132887,"comment_status":"","ping_status":"","sticky":false,"template":"","format":"standard","meta":{"footnotes":"","_share_on_mastodon":"0"},"categories":[12],"tags":[26,27,37,33,35,34,36,590,31,32,21,28,29,19,3582,25,1263,60215,23,24,22,20,1012,30],"class_list":["post-132934","post","type-post","status-publish","format-standard","has-post-thumbnail","category-eesti","tag-breaking-news","tag-breakingnews","tag-ee","tag-eesti","tag-eesti-keel","tag-estonia","tag-estonian","tag-euroopa-liit","tag-featured-news","tag-featurednews","tag-headlines","tag-latest-news","tag-latestnews","tag-news","tag-pollumehed","tag-populaarseimad-lood","tag-protest","tag-toetusraha","tag-top-stories","tag-topstories","tag-uldised-uudised","tag-uudised","tag-valitsus","tag-viimased-uudised"],"share_on_mastodon":{"url":"https:\/\/pubeurope.com\/@ee\/116255616092669559","error":""},"_links":{"self":[{"href":"https:\/\/www.europesays.com\/ee\/wp-json\/wp\/v2\/posts\/132934","targetHints":{"allow":["GET"]}}],"collection":[{"href":"https:\/\/www.europesays.com\/ee\/wp-json\/wp\/v2\/posts"}],"about":[{"href":"https:\/\/www.europesays.com\/ee\/wp-json\/wp\/v2\/types\/post"}],"author":[{"embeddable":true,"href":"https:\/\/www.europesays.com\/ee\/wp-json\/wp\/v2\/users\/2"}],"replies":[{"embeddable":true,"href":"https:\/\/www.europesays.com\/ee\/wp-json\/wp\/v2\/comments?post=132934"}],"version-history":[{"count":0,"href":"https:\/\/www.europesays.com\/ee\/wp-json\/wp\/v2\/posts\/132934\/revisions"}],"wp:featuredmedia":[{"embeddable":true,"href":"https:\/\/www.europesays.com\/ee\/wp-json\/wp\/v2\/media\/132887"}],"wp:attachment":[{"href":"https:\/\/www.europesays.com\/ee\/wp-json\/wp\/v2\/media?parent=132934"}],"wp:term":[{"taxonomy":"category","embeddable":true,"href":"https:\/\/www.europesays.com\/ee\/wp-json\/wp\/v2\/categories?post=132934"},{"taxonomy":"post_tag","embeddable":true,"href":"https:\/\/www.europesays.com\/ee\/wp-json\/wp\/v2\/tags?post=132934"}],"curies":[{"name":"wp","href":"https:\/\/api.w.org\/{rel}","templated":true}]}}