{"id":133196,"date":"2026-03-19T16:50:07","date_gmt":"2026-03-19T16:50:07","guid":{"rendered":"https:\/\/www.europesays.com\/ee\/133196\/"},"modified":"2026-03-19T16:50:07","modified_gmt":"2026-03-19T16:50:07","slug":"soome-on-jatkuvalt-maailma-onnelikem-riik-eesti-asub-alles-viiendas-kumnes","status":"publish","type":"post","link":"https:\/\/www.europesays.com\/ee\/133196\/","title":{"rendered":"Soome on j\u00e4tkuvalt maailma \u00f5nnelikem riik, Eesti asub alles viiendas k\u00fcmnes"},"content":{"rendered":"<p class=\"MsoNormal\">Edetabel p\u00f5hineb elanikkonna keskmisel hinnangul oma elukvaliteedile ning soomlased andis k\u00fcmnepallisel skaalal oma olukorrale hindeks 7,8. K\u00f5rgelt hindavad Soome elanikud perekonnalt ja s\u00f5pradelt saadavat sotsiaalse tuge, samas kui korruptsiooni tajutakse madalana. Lisaks toovad soomlased oma heaolu alusena esile tugevat sotsiaalset turvatunnet, mida pakuvad muu hulgas haridus ja tervishoid, vahendas BBC.<\/p>\n","protected":false},"excerpt":{"rendered":"Edetabel p\u00f5hineb elanikkonna keskmisel hinnangul oma elukvaliteedile ning soomlased andis k\u00fcmnepallisel skaalal oma olukorrale hindeks 7,8. K\u00f5rgelt hindavad&hellip;\n","protected":false},"author":2,"featured_media":133197,"comment_status":"","ping_status":"","sticky":false,"template":"","format":"standard","meta":{"footnotes":"","_share_on_mastodon":"0"},"categories":[5],"tags":[26,27,21134,37,33,35,11990,34,36,31,32,21,60315,28,29,60313,19,60312,5818,25,113,39227,23,24,60314,22,20,30],"class_list":["post-133196","post","type-post","status-publish","format-standard","has-post-thumbnail","category-uldised-uudised","tag-breaking-news","tag-breakingnews","tag-costa-rica","tag-ee","tag-eesti","tag-eesti-keel","tag-eluiga","tag-estonia","tag-estonian","tag-featured-news","tag-featurednews","tag-headlines","tag-korruptsiooni-tajumine","tag-latest-news","tag-latestnews","tag-maailma-onnelikemad-riigid","tag-news","tag-onnelikkuse-indeks","tag-pohjamaad","tag-populaarseimad-lood","tag-soome","tag-sotsiaalne-tugi","tag-top-stories","tag-topstories","tag-uhiskondlik-heaolu","tag-uldised-uudised","tag-uudised","tag-viimased-uudised"],"share_on_mastodon":{"url":"https:\/\/pubeurope.com\/@ee\/116256874462334688","error":""},"_links":{"self":[{"href":"https:\/\/www.europesays.com\/ee\/wp-json\/wp\/v2\/posts\/133196","targetHints":{"allow":["GET"]}}],"collection":[{"href":"https:\/\/www.europesays.com\/ee\/wp-json\/wp\/v2\/posts"}],"about":[{"href":"https:\/\/www.europesays.com\/ee\/wp-json\/wp\/v2\/types\/post"}],"author":[{"embeddable":true,"href":"https:\/\/www.europesays.com\/ee\/wp-json\/wp\/v2\/users\/2"}],"replies":[{"embeddable":true,"href":"https:\/\/www.europesays.com\/ee\/wp-json\/wp\/v2\/comments?post=133196"}],"version-history":[{"count":0,"href":"https:\/\/www.europesays.com\/ee\/wp-json\/wp\/v2\/posts\/133196\/revisions"}],"wp:featuredmedia":[{"embeddable":true,"href":"https:\/\/www.europesays.com\/ee\/wp-json\/wp\/v2\/media\/133197"}],"wp:attachment":[{"href":"https:\/\/www.europesays.com\/ee\/wp-json\/wp\/v2\/media?parent=133196"}],"wp:term":[{"taxonomy":"category","embeddable":true,"href":"https:\/\/www.europesays.com\/ee\/wp-json\/wp\/v2\/categories?post=133196"},{"taxonomy":"post_tag","embeddable":true,"href":"https:\/\/www.europesays.com\/ee\/wp-json\/wp\/v2\/tags?post=133196"}],"curies":[{"name":"wp","href":"https:\/\/api.w.org\/{rel}","templated":true}]}}