{"id":133325,"date":"2026-03-19T19:33:07","date_gmt":"2026-03-19T19:33:07","guid":{"rendered":"https:\/\/www.europesays.com\/ee\/133325\/"},"modified":"2026-03-19T19:33:07","modified_gmt":"2026-03-19T19:33:07","slug":"tusk-leidis-tee-presidendi-vetost-hoolimata-kaitselaenu-votmiseks","status":"publish","type":"post","link":"https:\/\/www.europesays.com\/ee\/133325\/","title":{"rendered":"Tusk leidis tee presidendi vetost hoolimata kaitselaenu v\u00f5tmiseks"},"content":{"rendered":"<p>P\u00e4rast presidendi m\u00f6\u00f6dunud neljap\u00e4eval pandud vetot tuli peaminister Donald Tusk (Kodanike Platvorm) v\u00e4lja plaaniga, kuidas kaitse- ja rahandusministeerium saavad laenu v\u00f5tta nii, et selle kinnitamine presidendi laualt l\u00e4bi ei k\u00e4i.<\/p>\n<p>Presidendiga l\u00e4hedase p\u00f5hilise opositsioonierakonna \u00d5igus ja \u00d5iglus (PiS) esindajad j\u00e4id aga rahulolematuks. \u00abSAFE on Br\u00fcsseli pettus, Saksa palgap\u00e4eva laen. Me ei tohi sellega n\u00f5ustuda,\u00bb deklareeris n\u00e4iteks nende parlamendifraktsiooni juht Mariusz B\u0142aszczak.<\/p>\n","protected":false},"excerpt":{"rendered":"P\u00e4rast presidendi m\u00f6\u00f6dunud neljap\u00e4eval pandud vetot tuli peaminister Donald Tusk (Kodanike Platvorm) v\u00e4lja plaaniga, kuidas kaitse- ja rahandusministeerium&hellip;\n","protected":false},"author":2,"featured_media":133326,"comment_status":"","ping_status":"","sticky":false,"template":"","format":"standard","meta":{"footnotes":"","_share_on_mastodon":"0"},"categories":[80],"tags":[26,27,2213,37,33,35,34,36,31,32,21,7230,28,29,95,19,111,25,60352,23,24,22,20,30,92,93,94],"class_list":["post-133325","post","type-post","status-publish","format-standard","has-post-thumbnail","category-maailm","tag-breaking-news","tag-breakingnews","tag-donald-tusk","tag-ee","tag-eesti","tag-eesti-keel","tag-estonia","tag-estonian","tag-featured-news","tag-featurednews","tag-headlines","tag-karol-nawrocki","tag-latest-news","tag-latestnews","tag-maailm","tag-news","tag-poola","tag-populaarseimad-lood","tag-safe-laen","tag-top-stories","tag-topstories","tag-uldised-uudised","tag-uudised","tag-viimased-uudised","tag-world","tag-world-news","tag-worldnews"],"share_on_mastodon":{"url":"","error":""},"_links":{"self":[{"href":"https:\/\/www.europesays.com\/ee\/wp-json\/wp\/v2\/posts\/133325","targetHints":{"allow":["GET"]}}],"collection":[{"href":"https:\/\/www.europesays.com\/ee\/wp-json\/wp\/v2\/posts"}],"about":[{"href":"https:\/\/www.europesays.com\/ee\/wp-json\/wp\/v2\/types\/post"}],"author":[{"embeddable":true,"href":"https:\/\/www.europesays.com\/ee\/wp-json\/wp\/v2\/users\/2"}],"replies":[{"embeddable":true,"href":"https:\/\/www.europesays.com\/ee\/wp-json\/wp\/v2\/comments?post=133325"}],"version-history":[{"count":0,"href":"https:\/\/www.europesays.com\/ee\/wp-json\/wp\/v2\/posts\/133325\/revisions"}],"wp:featuredmedia":[{"embeddable":true,"href":"https:\/\/www.europesays.com\/ee\/wp-json\/wp\/v2\/media\/133326"}],"wp:attachment":[{"href":"https:\/\/www.europesays.com\/ee\/wp-json\/wp\/v2\/media?parent=133325"}],"wp:term":[{"taxonomy":"category","embeddable":true,"href":"https:\/\/www.europesays.com\/ee\/wp-json\/wp\/v2\/categories?post=133325"},{"taxonomy":"post_tag","embeddable":true,"href":"https:\/\/www.europesays.com\/ee\/wp-json\/wp\/v2\/tags?post=133325"}],"curies":[{"name":"wp","href":"https:\/\/api.w.org\/{rel}","templated":true}]}}