{"id":133386,"date":"2026-03-19T22:16:12","date_gmt":"2026-03-19T22:16:12","guid":{"rendered":"https:\/\/www.europesays.com\/ee\/133386\/"},"modified":"2026-03-19T22:16:12","modified_gmt":"2026-03-19T22:16:12","slug":"rattamaratonil-saab-tanavu-mmi-pileti-nimel-voistelda","status":"publish","type":"post","link":"https:\/\/www.europesays.com\/ee\/133386\/","title":{"rendered":"Rattamaratonil saab t\u00e4navu MMi pileti nimel v\u00f5istelda"},"content":{"rendered":"<p>Tartu maratoni peakorraldaja Indrek Kelk selgitas sarjaga liitumist, \u00f6eldes, et korraldajad on juba aastaid otsinud v\u00f5imalusi muuta rattamaraton ka v\u00e4lisosalejate jaoks atraktiivsemaks. Sobiv rahvusvaheline v\u00e4ljund leiti UCI Gravel World Seriesi sarjas, mis alustab 2026. aastal oma viiendat hooaega ja h\u00f5lmab t\u00e4navu ligi 45 osav\u00f5istlust pea 30 riigis.<\/p>\n","protected":false},"excerpt":{"rendered":"Tartu maratoni peakorraldaja Indrek Kelk selgitas sarjaga liitumist, \u00f6eldes, et korraldajad on juba aastaid otsinud v\u00f5imalusi muuta rattamaraton&hellip;\n","protected":false},"author":2,"featured_media":133387,"comment_status":"","ping_status":"","sticky":false,"template":"","format":"standard","meta":{"footnotes":"","_share_on_mastodon":"0"},"categories":[18],"tags":[37,33,35,34,36,60364,1042,3206,159,158,1803,160,60363],"class_list":["post-133386","post","type-post","status-publish","format-standard","has-post-thumbnail","category-sport","tag-ee","tag-eesti","tag-eesti-keel","tag-estonia","tag-estonian","tag-graveli-maailmameistrivoistlused","tag-indrek-kelk","tag-maraton","tag-sport","tag-sports","tag-tartu-maraton","tag-tartu-rattamaraton","tag-uci-gravel-world-series"],"share_on_mastodon":{"url":"https:\/\/pubeurope.com\/@ee\/116258156336074370","error":""},"_links":{"self":[{"href":"https:\/\/www.europesays.com\/ee\/wp-json\/wp\/v2\/posts\/133386","targetHints":{"allow":["GET"]}}],"collection":[{"href":"https:\/\/www.europesays.com\/ee\/wp-json\/wp\/v2\/posts"}],"about":[{"href":"https:\/\/www.europesays.com\/ee\/wp-json\/wp\/v2\/types\/post"}],"author":[{"embeddable":true,"href":"https:\/\/www.europesays.com\/ee\/wp-json\/wp\/v2\/users\/2"}],"replies":[{"embeddable":true,"href":"https:\/\/www.europesays.com\/ee\/wp-json\/wp\/v2\/comments?post=133386"}],"version-history":[{"count":0,"href":"https:\/\/www.europesays.com\/ee\/wp-json\/wp\/v2\/posts\/133386\/revisions"}],"wp:featuredmedia":[{"embeddable":true,"href":"https:\/\/www.europesays.com\/ee\/wp-json\/wp\/v2\/media\/133387"}],"wp:attachment":[{"href":"https:\/\/www.europesays.com\/ee\/wp-json\/wp\/v2\/media?parent=133386"}],"wp:term":[{"taxonomy":"category","embeddable":true,"href":"https:\/\/www.europesays.com\/ee\/wp-json\/wp\/v2\/categories?post=133386"},{"taxonomy":"post_tag","embeddable":true,"href":"https:\/\/www.europesays.com\/ee\/wp-json\/wp\/v2\/tags?post=133386"}],"curies":[{"name":"wp","href":"https:\/\/api.w.org\/{rel}","templated":true}]}}