{"id":133410,"date":"2026-03-19T22:51:06","date_gmt":"2026-03-19T22:51:06","guid":{"rendered":"https:\/\/www.europesays.com\/ee\/133410\/"},"modified":"2026-03-19T22:51:06","modified_gmt":"2026-03-19T22:51:06","slug":"saarepeedi-koolile-valiti-uus-juht-valja","status":"publish","type":"post","link":"https:\/\/www.europesays.com\/ee\/133410\/","title":{"rendered":"Saarepeedi koolile valiti uus juht v\u00e4lja"},"content":{"rendered":"<p>Abivallavanem Irma V\u00e4re m\u00e4rkis, et konkurss direktori ametikoha t\u00e4itmiseks l\u00e4ks v\u00e4ga h\u00e4sti: oli viis kandidaati ja valituks osutus Ain Keerup. &#8220;Me j\u00e4tkame selle suunaga, et \u00fcks direktor juhib kahte kooli,&#8221;\u00a0\u00fctles ta ning selgitas, et Keerup\u00a0hakkab 24. augustist juhtima lisaks Kalmetu koolile ka Saarepeedi kooli ning kummalgi koolil on ka t\u00e4iskohaga \u00f5ppejuht.<\/p>\n","protected":false},"excerpt":{"rendered":"Abivallavanem Irma V\u00e4re m\u00e4rkis, et konkurss direktori ametikoha t\u00e4itmiseks l\u00e4ks v\u00e4ga h\u00e4sti: oli viis kandidaati ja valituks osutus&hellip;\n","protected":false},"author":2,"featured_media":133411,"comment_status":"","ping_status":"","sticky":false,"template":"","format":"standard","meta":{"footnotes":"","_share_on_mastodon":"0"},"categories":[80],"tags":[60369,26,27,13795,37,33,35,34,36,31,32,21,13796,66,60371,28,29,95,19,25,60370,23,24,22,20,30,1775,92,93,94],"class_list":["post-133410","post","type-post","status-publish","format-standard","has-post-thumbnail","category-maailm","tag-ain-keerup","tag-breaking-news","tag-breakingnews","tag-direktor","tag-ee","tag-eesti","tag-eesti-keel","tag-estonia","tag-estonian","tag-featured-news","tag-featurednews","tag-headlines","tag-irma-vare","tag-juhtimine","tag-kalmetu-kool","tag-latest-news","tag-latestnews","tag-maailm","tag-news","tag-populaarseimad-lood","tag-saarepeedi-kool","tag-top-stories","tag-topstories","tag-uldised-uudised","tag-uudised","tag-viimased-uudised","tag-viljandi-vald","tag-world","tag-world-news","tag-worldnews"],"share_on_mastodon":{"url":"https:\/\/pubeurope.com\/@ee\/116258293858242070","error":""},"_links":{"self":[{"href":"https:\/\/www.europesays.com\/ee\/wp-json\/wp\/v2\/posts\/133410","targetHints":{"allow":["GET"]}}],"collection":[{"href":"https:\/\/www.europesays.com\/ee\/wp-json\/wp\/v2\/posts"}],"about":[{"href":"https:\/\/www.europesays.com\/ee\/wp-json\/wp\/v2\/types\/post"}],"author":[{"embeddable":true,"href":"https:\/\/www.europesays.com\/ee\/wp-json\/wp\/v2\/users\/2"}],"replies":[{"embeddable":true,"href":"https:\/\/www.europesays.com\/ee\/wp-json\/wp\/v2\/comments?post=133410"}],"version-history":[{"count":0,"href":"https:\/\/www.europesays.com\/ee\/wp-json\/wp\/v2\/posts\/133410\/revisions"}],"wp:featuredmedia":[{"embeddable":true,"href":"https:\/\/www.europesays.com\/ee\/wp-json\/wp\/v2\/media\/133411"}],"wp:attachment":[{"href":"https:\/\/www.europesays.com\/ee\/wp-json\/wp\/v2\/media?parent=133410"}],"wp:term":[{"taxonomy":"category","embeddable":true,"href":"https:\/\/www.europesays.com\/ee\/wp-json\/wp\/v2\/categories?post=133410"},{"taxonomy":"post_tag","embeddable":true,"href":"https:\/\/www.europesays.com\/ee\/wp-json\/wp\/v2\/tags?post=133410"}],"curies":[{"name":"wp","href":"https:\/\/api.w.org\/{rel}","templated":true}]}}