{"id":133508,"date":"2026-03-20T04:56:12","date_gmt":"2026-03-20T04:56:12","guid":{"rendered":"https:\/\/www.europesays.com\/ee\/133508\/"},"modified":"2026-03-20T04:56:12","modified_gmt":"2026-03-20T04:56:12","slug":"muinsuskaitseamet-linnahalli-kaitse-alt-ara-votmine-ei-ole-moeldav-arhitektuur","status":"publish","type":"post","link":"https:\/\/www.europesays.com\/ee\/133508\/","title":{"rendered":"Muinsuskaitseamet: linnahalli kaitse alt \u00e4ra v\u00f5tmine ei ole m\u00f5eldav | Arhitektuur"},"content":{"rendered":"<p>Erinevalt pragmaatilistest kinnisvara arendajatest suhtuvad arhitektuuri- ja muinsuskaitse inimesed linnahalli mahav\u00f5tmise plaani kriitiliselt ja emotsionaalselt. Muinsuskaitse ameti s\u00f5nul ei luba ka seadus kaitsealust objekti lihtsalt lammutada.<\/p>\n<p>Linnahall valmis 1980. aasta Moskva ol\u00fcmpiam\u00e4ngude Tallinna purjeregatiks ning oli n\u00f5ukogude aja esimene avalik hoone, mis avas kesklinna uuesti merele. Tallinna linnapea Peeter Raudsepa s\u00f5nul on selle maja aeg n\u00fc\u00fcd l\u00e4bi.<\/p>\n<p>Linnahalli temaatika k\u00fctab kirgi ja ei j\u00e4ta naljalt pea kedagi k\u00fclmaks. \u00dcks on kindel: teist sellist amfiteatriliku arhitektuuriga suurehitist Eestist ei ole. See on ka p\u00f5hjus, miks arhitektuuriloolased on selle lammutamise vastu.<\/p>\n<p>Tallinna linnavolikogu liikme Jaak Juske s\u00f5nul oli linnapea eilne v\u00e4lja\u00fctlemine \u00fcllatav.<\/p>\n<p>&#8220;See oli selge seisukoht, aga v\u00e4ga vale, sest linnahall kindlasti v\u00e4\u00e4rib s\u00e4ilitamist, v\u00e4hemalt osaliselt. Uus linnavalitus on tundub, et v\u00f5tnud suuna see hoone maha lammutada, aga hoone on ka muinsuskatse all, ja seda saab maha v\u00f5tta ainult riik,&#8221; m\u00e4rkis Juske.<\/p>\n<p>Muinsuskaitseameti s\u00f5nul on linnahall j\u00e4tkuvalt v\u00e4ga oluline arhitektuuriline ehitism\u00e4lestis ning veelgi enam \u2013 seda pole v\u00f5imalik lammutada, kuna l\u00e4heks seadusega vastuollu.<\/p>\n<p>&#8220;M\u00e4lestisi tegelikult ei saagi lammutada. M\u00e4lestiste puhul ei ole juba eos t\u00e4idetud see kriteerium, et nad ei vastaks kultuuriv\u00e4\u00e4rtustele. Linnahalli puhul on tegemist v\u00e4ga v\u00e4\u00e4rtusliku objektiga, seega pole m\u00f5eldav, et me v\u00f5taksime selle kaitse alt maha. Kaitse alt maha v\u00f5tmine on v\u00f5imalik objektide puhul, kus v\u00e4\u00e4rtus on kadunud, hoone on maha p\u00f5lenud, midagi pole alles,&#8221; r\u00e4\u00e4kis muinsuskaitseameti ehitusp\u00e4randi osakonna juhataja Anita Staub.<\/p>\n<p>Kuigi linnahalli v\u00e4lisviimistlus on pikalt hooldamata, on maja ekspertide s\u00f5nul ajale h\u00e4sti vastu pidanud.<\/p>\n<p>&#8220;Linnahallis tehti ju eelmisel aastal Tallinna linna poolt tellitud ehitustehniline anal\u00fc\u00fcs, mis \u00fctleb kohati t\u00e4itsa \u00fcllatuslikult, et see hoone on heas tehnilises seisukorras,&#8221; lisas Staub.<\/p>\n<p>Arhitekt Margit Mutso s\u00f5nul ei saa linnahalli v\u00e4\u00e4rtust Exceli tabelis hinnata. &#8220;Kui ma peaks valima 20. sajandist \u00fche objekti Eestis, siis oleks see linnahall.<br \/>Meil on \u00fcks hoone, mis on saanud rahvusvahelise arhitektuuripreemia, meil on \u00fcks hoone, mida Hollywoodist tullakse filmima ja me r\u00e4\u00e4gime, kas selle peaks maha lammutama,&#8221; nentis Mutso.<\/p>\n<p>Mutso s\u00f5nul on \u00fcldine kaasaegne hoiak arhitektuuris v\u00e4hem lammutada, rohkem renoveerida ja olemasolevat \u00e4ra kasutada. See on \u00f6konoomsem, \u00f6koloogilisem ja j\u00e4tab v\u00e4iksema jalaj\u00e4lje.<\/p>\n<p>&#8220;Valdavalt on arhitektid seda meelt, et see objekt tuleb s\u00e4ilitada ja isegi kui ei suuda talle leida uut funktsiooni, siis on arutatud, et j\u00e4tame ta kasv\u00f5i varemetena, et ta on nii tugev maam\u00e4rk ja nii p\u00f5nev ehitis,&#8221; s\u00f5nas Mutso.<\/p>\n","protected":false},"excerpt":{"rendered":"Erinevalt pragmaatilistest kinnisvara arendajatest suhtuvad arhitektuuri- ja muinsuskaitse inimesed linnahalli mahav\u00f5tmise plaani kriitiliselt ja emotsionaalselt. Muinsuskaitse ameti s\u00f5nul&hellip;\n","protected":false},"author":2,"featured_media":133509,"comment_status":"","ping_status":"","sticky":false,"template":"","format":"standard","meta":{"footnotes":"","_share_on_mastodon":"0"},"categories":[5],"tags":[60414,26,27,37,33,35,34,36,31,32,21,15022,28,29,7827,11494,19,25,50345,23,24,22,20,30],"class_list":["post-133508","post","type-post","status-publish","format-standard","has-post-thumbnail","category-uldised-uudised","tag-anita-staub","tag-breaking-news","tag-breakingnews","tag-ee","tag-eesti","tag-eesti-keel","tag-estonia","tag-estonian","tag-featured-news","tag-featurednews","tag-headlines","tag-jaak-juske","tag-latest-news","tag-latestnews","tag-linnahall","tag-margit-mutso","tag-news","tag-populaarseimad-lood","tag-tallinna-linnahall","tag-top-stories","tag-topstories","tag-uldised-uudised","tag-uudised","tag-viimased-uudised"],"share_on_mastodon":{"url":"https:\/\/pubeurope.com\/@ee\/116259729071024898","error":""},"_links":{"self":[{"href":"https:\/\/www.europesays.com\/ee\/wp-json\/wp\/v2\/posts\/133508","targetHints":{"allow":["GET"]}}],"collection":[{"href":"https:\/\/www.europesays.com\/ee\/wp-json\/wp\/v2\/posts"}],"about":[{"href":"https:\/\/www.europesays.com\/ee\/wp-json\/wp\/v2\/types\/post"}],"author":[{"embeddable":true,"href":"https:\/\/www.europesays.com\/ee\/wp-json\/wp\/v2\/users\/2"}],"replies":[{"embeddable":true,"href":"https:\/\/www.europesays.com\/ee\/wp-json\/wp\/v2\/comments?post=133508"}],"version-history":[{"count":0,"href":"https:\/\/www.europesays.com\/ee\/wp-json\/wp\/v2\/posts\/133508\/revisions"}],"wp:featuredmedia":[{"embeddable":true,"href":"https:\/\/www.europesays.com\/ee\/wp-json\/wp\/v2\/media\/133509"}],"wp:attachment":[{"href":"https:\/\/www.europesays.com\/ee\/wp-json\/wp\/v2\/media?parent=133508"}],"wp:term":[{"taxonomy":"category","embeddable":true,"href":"https:\/\/www.europesays.com\/ee\/wp-json\/wp\/v2\/categories?post=133508"},{"taxonomy":"post_tag","embeddable":true,"href":"https:\/\/www.europesays.com\/ee\/wp-json\/wp\/v2\/tags?post=133508"}],"curies":[{"name":"wp","href":"https:\/\/api.w.org\/{rel}","templated":true}]}}