{"id":133748,"date":"2026-03-20T10:32:09","date_gmt":"2026-03-20T10:32:09","guid":{"rendered":"https:\/\/www.europesays.com\/ee\/133748\/"},"modified":"2026-03-20T10:32:09","modified_gmt":"2026-03-20T10:32:09","slug":"pildid-tallinnas-esilinastus-anu-auna-dokfilm-epp-maria-elu-maalides-film","status":"publish","type":"post","link":"https:\/\/www.europesays.com\/ee\/133748\/","title":{"rendered":"Pildid: Tallinnas esilinastus Anu Auna dokfilm &#8220;Epp Maria. Elu maalides&#8221; | Film"},"content":{"rendered":"<p>19. m\u00e4rtsil esilinastus Tallinna Apollo Plazas Anu Auna dokumentaalfilm Epp Maria Kokam\u00e4est, mis j\u00e4lgib kunstniku t\u00f6id ja tegemisi tema 65. juubeliaastal kodutalus Sepamaal<\/p>\n<p>&#8220;Ma olen v\u00e4ga \u00f5nnelik ja t\u00e4nulik, et film v\u00f5eti publiku poolt nii soojalt vastu. Kogu meie meeskond tegi seda filmi tohutult suure armastuse, r\u00f5\u00f5mu ja p\u00fchendumisega ning tundub, et see peegeldub ekraanilt ka vaatajateni. Ma loodan, et see film toob iga vaataja s\u00fcdamesse helguse, soojuse ja kevade t\u00e4rkamise tunde,&#8221; s\u00f5nas filmi re\u017eiss\u00f6\u00f6r Anu Aun.<\/p>\n<p>Filmi re\u017eiss\u00f6\u00f6r on Anu Aun, produtsent Maie Rosmann, operaatorid Heiko Sikka ja Johannes Arro, montaa\u017eire\u017eiss\u00f6\u00f6r Mirjam Jegorov, helire\u017eiss\u00f6\u00f6r Indrek Soe ning helilooja Mick Pedaja. Tootjaks on Ilmatar Film.<\/p>\n","protected":false},"excerpt":{"rendered":"19. m\u00e4rtsil esilinastus Tallinna Apollo Plazas Anu Auna dokumentaalfilm Epp Maria Kokam\u00e4est, mis j\u00e4lgib kunstniku t\u00f6id ja tegemisi&hellip;\n","protected":false},"author":2,"featured_media":133749,"comment_status":"","ping_status":"","sticky":false,"template":"","format":"standard","meta":{"footnotes":"","_share_on_mastodon":"0"},"categories":[16],"tags":[19453,37,33,35,173,15628,34,36,140,144],"class_list":["post-133748","post","type-post","status-publish","format-standard","has-post-thumbnail","category-meelelahutus","tag-anu-aun","tag-ee","tag-eesti","tag-eesti-keel","tag-entertainment","tag-epp-maria-kokamagi","tag-estonia","tag-estonian","tag-meelelahutus","tag-muusika"],"share_on_mastodon":{"url":"https:\/\/pubeurope.com\/@ee\/116261050852630623","error":""},"_links":{"self":[{"href":"https:\/\/www.europesays.com\/ee\/wp-json\/wp\/v2\/posts\/133748","targetHints":{"allow":["GET"]}}],"collection":[{"href":"https:\/\/www.europesays.com\/ee\/wp-json\/wp\/v2\/posts"}],"about":[{"href":"https:\/\/www.europesays.com\/ee\/wp-json\/wp\/v2\/types\/post"}],"author":[{"embeddable":true,"href":"https:\/\/www.europesays.com\/ee\/wp-json\/wp\/v2\/users\/2"}],"replies":[{"embeddable":true,"href":"https:\/\/www.europesays.com\/ee\/wp-json\/wp\/v2\/comments?post=133748"}],"version-history":[{"count":0,"href":"https:\/\/www.europesays.com\/ee\/wp-json\/wp\/v2\/posts\/133748\/revisions"}],"wp:featuredmedia":[{"embeddable":true,"href":"https:\/\/www.europesays.com\/ee\/wp-json\/wp\/v2\/media\/133749"}],"wp:attachment":[{"href":"https:\/\/www.europesays.com\/ee\/wp-json\/wp\/v2\/media?parent=133748"}],"wp:term":[{"taxonomy":"category","embeddable":true,"href":"https:\/\/www.europesays.com\/ee\/wp-json\/wp\/v2\/categories?post=133748"},{"taxonomy":"post_tag","embeddable":true,"href":"https:\/\/www.europesays.com\/ee\/wp-json\/wp\/v2\/tags?post=133748"}],"curies":[{"name":"wp","href":"https:\/\/api.w.org\/{rel}","templated":true}]}}