{"id":133782,"date":"2026-03-20T11:08:07","date_gmt":"2026-03-20T11:08:07","guid":{"rendered":"https:\/\/www.europesays.com\/ee\/133782\/"},"modified":"2026-03-20T11:08:07","modified_gmt":"2026-03-20T11:08:07","slug":"soome-parlamendisaadik-riik-liigub-kontrollimatu-rahanduskriisi-poole-valismaa","status":"publish","type":"post","link":"https:\/\/www.europesays.com\/ee\/133782\/","title":{"rendered":"Soome parlamendisaadik: riik liigub kontrollimatu rahanduskriisi poole | V\u00e4lismaa"},"content":{"rendered":"<p>Ilma oluliste meetmeteta v\u00f5ib Soome j\u00f5uda riigirahanduskriisi juba k\u00fcmne aasta jooksul, r\u00e4\u00e4kis parlamendisaadik Ville Valkonen v\u00e4ljaandele Helsingin Sanomat.<\/p>\n<p>Soome avaliku sektori v\u00f5lakoormus kasvab nii kiiresti, et selle pidurdamiseks on v\u00e4ltimatu ulatuslike meetmete rakendamine, leiab Koonderakonda kuuluv Valkonen, kes juhib ka nn <a href=\"https:\/\/www.err.ee\/1609953593\/soome-erakonnad-kiitsid-uhiselt-heaks-volapiduri\" rel=\"nofollow noopener\" target=\"_blank\">v\u00f5lapiduri t\u00f6\u00f6r\u00fchma.<\/a><\/p>\n<p>Kui meetmeid ei rakendata, j\u00f5uab Soome tema s\u00f5nul 10\u201315 aasta p\u00e4rast kontrollimatusse kriisi.<\/p>\n<p>Kontrollimatu kriisi all peab Valkonen silmas olukorda, kus investorite usk Soome v\u00f5imekusse oma v\u00f5lga teenindada hakkab k\u00f5ikuma ning riik peab maksma laenude eest \u00fcha k\u00f5rgemaid intresse.<\/p>\n<p>&#8220;V\u00f5lakoormuse kasvu peataks t\u00f5en\u00e4oliselt institutsionaalne surve, millesse Kreeka ja teised euroala kriisiriigid omal ajal sattusid. See t\u00e4hendab, et v\u00e4lised j\u00f5ud tulevad ja dikteerivad meile palju rangemad meetmed kui need, millega me praegu ise veel olukorda kontrolli all hoida suudaksime,&#8221; r\u00e4\u00e4kis Valkonen.<\/p>\n<p>Soome avaliku sektori v\u00f5la suhe sisemajanduse koguprodukti (SKP) on kasvanud 2008. aasta alla 35 protsendilt eelmise aasta l\u00f5puks 88,5 protsendini.\u00a0<\/p>\n<p>Vaatamata peaminister Petteri Orpo valitsuse pingutustele ei ole v\u00f5lakasv pidurdumas.<\/p>\n<p>Peamised p\u00f5hjused on elanikkonna vananemisega seotud kulude kasv ja t\u00f6\u00f6 tootlikkuse n\u00f5rk areng.\u00a0<\/p>\n<p>Valkoneni juhitud t\u00f6\u00f6r\u00fchm leppis veebruaris esialgselt kokku, et j\u00e4rgmine valitsus peab optimeerima kulusid 8\u201311 miljardi euro v\u00f5rra. Summa t\u00e4psustub detsembris, kuid on igal juhul suur.<\/p>\n<p>Orpo valitsus on s\u00f5ltuvalt arvestusviisist hoidnud kokku umbes 4\u20135 miljardit eurot. Seega on j\u00e4rgmisel valitsusperioodil vaja teha k\u00e4rpeid ja maksut\u00f5use ligikaudu kaks korda rohkem.<\/p>\n<p>Valkoneni s\u00f5nul ei ole \u00fclesanne siiski nii \u00fcletamatu, kui avalikus arutelus paistab.<\/p>\n<p>&#8220;Aastased avaliku sektori kulud on umbes 160 miljardit eurot. 8\u201311 miljardit on v\u00f5imalik kokku hoida ilma heaoluriiki v\u00f5i selle osi lammutamata. Asju tuleb teha keskendunumalt ja t\u00f5husamalt ning osa avaliku sektori \u00fclesandeid tuleb mingil m\u00e4\u00e4ral anda inimeste endi k\u00e4tte,&#8221; \u00fctles ta.<\/p>\n<p>Valkonen osaleb Koonderakonna j\u00e4rgmise valimisperioodi kohanemisettepanekute koostamises, kuid ei ava veel konkreetseid sihtkohti.<\/p>\n<p>On teada, et praegune peaministripartei ei soovi makse t\u00f5sta. Seega keskenduvad Koonderakonna ettepanekud k\u00e4rbetele ja nn struktuursetele reformidele.<\/p>\n<p>Valkoneni s\u00f5nul ei t\u00e4henda meetmed siiski ainult suurte kuluridade otseseid k\u00e4rpeid. Ta m\u00e4rkis, et juba kulude kasvu pidurdamine indeksit\u00f5usude k\u00fclmutamisega tooks m\u00e4rkimisv\u00e4\u00e4rset kokkuhoidu.<\/p>\n<p>Paljud avaliku sektori kulud kasvavad automaatselt koos hinnataseme t\u00f5usuga.<\/p>\n<p>&#8220;Avaliku sektori indeksid lisavad igal aastal peaaegu kaks miljardit eurot kulusid,&#8221; s\u00f5nas Valkonen.<\/p>\n<p>Indeksit\u00f5usude laialdane k\u00fclmutamine mitmeks aastaks v\u00f5iks teoreetiliselt katta suure osa j\u00e4rgmise valimisperioodi kohandustest, kuid see oleks poliitiliselt keeruline.<\/p>\n<p>Valkonen ei v\u00f5ta seisukohta konkreetsete s\u00e4\u00e4stukohtade, sealhulgas pensionide osas. Tema s\u00f5nul ei tohiks praegu \u00fchtegi v\u00f5imalust v\u00e4listada.<\/p>\n","protected":false},"excerpt":{"rendered":"Ilma oluliste meetmeteta v\u00f5ib Soome j\u00f5uda riigirahanduskriisi juba k\u00fcmne aasta jooksul, r\u00e4\u00e4kis parlamendisaadik Ville Valkonen v\u00e4ljaandele Helsingin Sanomat.&hellip;\n","protected":false},"author":2,"featured_media":133783,"comment_status":"","ping_status":"","sticky":false,"template":"","format":"standard","meta":{"footnotes":"","_share_on_mastodon":"0"},"categories":[80],"tags":[26,27,37,1198,33,35,34,36,31,32,21,28,29,95,19,25,2702,69,113,22392,23,24,22,20,30,60538,92,93,94],"class_list":["post-133782","post","type-post","status-publish","format-standard","has-post-thumbnail","category-maailm","tag-breaking-news","tag-breakingnews","tag-ee","tag-eelarve","tag-eesti","tag-eesti-keel","tag-estonia","tag-estonian","tag-featured-news","tag-featurednews","tag-headlines","tag-latest-news","tag-latestnews","tag-maailm","tag-news","tag-populaarseimad-lood","tag-rahandus","tag-skp","tag-soome","tag-soome-majandus","tag-top-stories","tag-topstories","tag-uldised-uudised","tag-uudised","tag-viimased-uudised","tag-ville-valkonen","tag-world","tag-world-news","tag-worldnews"],"share_on_mastodon":{"url":"","error":""},"_links":{"self":[{"href":"https:\/\/www.europesays.com\/ee\/wp-json\/wp\/v2\/posts\/133782","targetHints":{"allow":["GET"]}}],"collection":[{"href":"https:\/\/www.europesays.com\/ee\/wp-json\/wp\/v2\/posts"}],"about":[{"href":"https:\/\/www.europesays.com\/ee\/wp-json\/wp\/v2\/types\/post"}],"author":[{"embeddable":true,"href":"https:\/\/www.europesays.com\/ee\/wp-json\/wp\/v2\/users\/2"}],"replies":[{"embeddable":true,"href":"https:\/\/www.europesays.com\/ee\/wp-json\/wp\/v2\/comments?post=133782"}],"version-history":[{"count":0,"href":"https:\/\/www.europesays.com\/ee\/wp-json\/wp\/v2\/posts\/133782\/revisions"}],"wp:featuredmedia":[{"embeddable":true,"href":"https:\/\/www.europesays.com\/ee\/wp-json\/wp\/v2\/media\/133783"}],"wp:attachment":[{"href":"https:\/\/www.europesays.com\/ee\/wp-json\/wp\/v2\/media?parent=133782"}],"wp:term":[{"taxonomy":"category","embeddable":true,"href":"https:\/\/www.europesays.com\/ee\/wp-json\/wp\/v2\/categories?post=133782"},{"taxonomy":"post_tag","embeddable":true,"href":"https:\/\/www.europesays.com\/ee\/wp-json\/wp\/v2\/tags?post=133782"}],"curies":[{"name":"wp","href":"https:\/\/api.w.org\/{rel}","templated":true}]}}