{"id":133829,"date":"2026-03-20T12:00:07","date_gmt":"2026-03-20T12:00:07","guid":{"rendered":"https:\/\/www.europesays.com\/ee\/133829\/"},"modified":"2026-03-20T12:00:07","modified_gmt":"2026-03-20T12:00:07","slug":"90ndate-kuressaare-ooelu-suda-oli-punane-baar","status":"publish","type":"post","link":"https:\/\/www.europesays.com\/ee\/133829\/","title":{"rendered":"90ndate Kuressaare \u00f6\u00f6elu s\u00fcda oli Punane baar"},"content":{"rendered":"<p>Rajud 90-ndad panid nii m\u00f5negi mehepoja tukki h\u00f5lma all hoidma. \u201cMeil oli reegel, et relvaga baari ei minda,\u201d kinnitab Gert Nepper, peokoha Punane baar kunagine juht. Lugu ilmus Saarte H\u00e4\u00e4les 22.06.2022<\/p>\n<p>Endise parteimaja garaa\u017eidest kasvas v\u00e4lja koht, kus k\u00e4isid nii mandri rahamehed kui kohalikud legendid, ja kus baarileti tagant alustas teed tuntud raadioh\u00e4\u00e4l Vaido Pannel.<\/p>\n","protected":false},"excerpt":{"rendered":"Rajud 90-ndad panid nii m\u00f5negi mehepoja tukki h\u00f5lma all hoidma. \u201cMeil oli reegel, et relvaga baari ei minda,\u201d&hellip;\n","protected":false},"author":2,"featured_media":133830,"comment_status":"","ping_status":"","sticky":false,"template":"","format":"standard","meta":{"footnotes":"","_share_on_mastodon":"0"},"categories":[16],"tags":[37,33,35,173,34,36,60554,140,11699],"class_list":["post-133829","post","type-post","status-publish","format-standard","has-post-thumbnail","category-meelelahutus","tag-ee","tag-eesti","tag-eesti-keel","tag-entertainment","tag-estonia","tag-estonian","tag-gert-nepper","tag-meelelahutus","tag-punane"],"share_on_mastodon":{"url":"https:\/\/pubeurope.com\/@ee\/116261396636782939","error":""},"_links":{"self":[{"href":"https:\/\/www.europesays.com\/ee\/wp-json\/wp\/v2\/posts\/133829","targetHints":{"allow":["GET"]}}],"collection":[{"href":"https:\/\/www.europesays.com\/ee\/wp-json\/wp\/v2\/posts"}],"about":[{"href":"https:\/\/www.europesays.com\/ee\/wp-json\/wp\/v2\/types\/post"}],"author":[{"embeddable":true,"href":"https:\/\/www.europesays.com\/ee\/wp-json\/wp\/v2\/users\/2"}],"replies":[{"embeddable":true,"href":"https:\/\/www.europesays.com\/ee\/wp-json\/wp\/v2\/comments?post=133829"}],"version-history":[{"count":0,"href":"https:\/\/www.europesays.com\/ee\/wp-json\/wp\/v2\/posts\/133829\/revisions"}],"wp:featuredmedia":[{"embeddable":true,"href":"https:\/\/www.europesays.com\/ee\/wp-json\/wp\/v2\/media\/133830"}],"wp:attachment":[{"href":"https:\/\/www.europesays.com\/ee\/wp-json\/wp\/v2\/media?parent=133829"}],"wp:term":[{"taxonomy":"category","embeddable":true,"href":"https:\/\/www.europesays.com\/ee\/wp-json\/wp\/v2\/categories?post=133829"},{"taxonomy":"post_tag","embeddable":true,"href":"https:\/\/www.europesays.com\/ee\/wp-json\/wp\/v2\/tags?post=133829"}],"curies":[{"name":"wp","href":"https:\/\/api.w.org\/{rel}","templated":true}]}}