{"id":133904,"date":"2026-03-20T13:22:08","date_gmt":"2026-03-20T13:22:08","guid":{"rendered":"https:\/\/www.europesays.com\/ee\/133904\/"},"modified":"2026-03-20T13:22:08","modified_gmt":"2026-03-20T13:22:08","slug":"vastulause-henrik-valja-kelle-huvides-on-taaselustada-metsanduse-vastasseisu","status":"publish","type":"post","link":"https:\/\/www.europesays.com\/ee\/133904\/","title":{"rendered":"VASTULAUSE | Henrik V\u00e4lja: kelle huvides on taaselustada metsanduse vastasseisu?"},"content":{"rendered":"<p>Soovin liidu nimel vabandada k\u00f5igi sektori inimeste, t\u00f6\u00f6andjate, t\u00f6\u00f6tajate ees, liitu n\u00f5ustanud inimeste ja organisatsioonide ees, et me ei suutnud igap\u00e4evaste t\u00f6\u00f6dokumentide digitaalset arhiivi paremini kaitsta. Hindame organisatsioonina k\u00f5rgelt ekspertide n\u00f5u, oleme seda aegade jooksul kasutanud ning kavatseme ka edaspidi l\u00e4htuda parimast teadmisest ja ekspertiisist, mille toel sektori k\u00e4ek\u00e4iku ja konkurentsiv\u00f5imet edendada. <\/p>\n<p class=\"Paragraph SCXW111092622 BCX8\">EMPL on l\u00e4bipaistev organisatsioon, kes esindab oma liikmete huve, on rahastatud liikmetasudest ja kommunikeerib avalikult taotletavaid eesm\u00e4rke. Nendeks on konkurentsiv\u00f5imeline ettev\u00f5tluskeskkond, j\u00e4tkusuutlik metsamajandus ja puidu k\u00e4ttesaadavus, puidukasutuse edendamine ning erialase hariduse ja teaduse toetamine. Metsa- ja puidut\u00f6\u00f6stus pole kunagi varjanud, et seisame sektori j\u00e4tkusuutlikkuse eest nii otsustajate kui ka avalikkuse ringis. Samuti ei k\u00fcsi me erikohtlemist, vaid selget arusaama, et tegemist on valdkonnaga, mille panus ulatub igasse Eesti nurka.  <\/p>\n<p class=\"Paragraph SCXW111092622 BCX8\">Paljur\u00e4\u00e4gitud ja praeguste aktsioonide p\u00f5hjuseks peetud 70\/30 maakasutuse jaotus ei ole sektori \u201emaksimaalne soov\u201c, vaid kompromiss. Metsarikaste v\u00f5rdlusriikide Rootsi, L\u00e4ti ja Soome anal\u00fc\u00fcs n\u00e4itab, et majandatavate metsade osakaal p\u00fcsib seal keskmiselt 85% juures. Euroopa Liidu Elurikkuse strateegia suunis kaitsta Euroopas 30% pindalast ei t\u00e4henda, et see oleks ainu\u00fcksi metsamaa, vaid h\u00f5lmatud peab olema kogu maismaa ja ka meri. V\u00f5tta kaitse alla 30% maismaast on k\u00fcll Euroopa Liidu elurikkuse strateegia miinimum, kuid seegi eesm\u00e4rk on Eesti jaoks v\u00e4ga ambitsioonikas ja m\u00f5jutab paratamatult maamajanduse k\u00e4ek\u00e4iku.<\/p>\n<p><img decoding=\"async\" src=\"https:\/\/www.europesays.com\/ee\/wp-content\/uploads\/2026\/03\/332f196f-0f1e-4008-a095-cd57279aed84.jpg\" loading=\"lazy\" alt=\"Kaitstava metsa osakaal Eestis ja naaberriikides.\"\/><img decoding=\"async\" src=\"https:\/\/www.europesays.com\/ee\/wp-content\/uploads\/2026\/03\/e7e531f2-c076-4c30-b658-726ec982acb8.jpg\" loading=\"lazy\" alt=\"Piirangutega metsamaa osakaal kogu metsamaast Eestis.\"\/><\/p>\n<p class=\"Paragraph SCXW111092622 BCX8\">Me v\u00f5ime v\u00f5tta Euroopast tulevad suunised maksimaalselt \u00fcle ja demokraatlikult otsustada, et oleme teistest Euroopa riikidest palju keskkonnahoidlikumad, kuid sellega koos tuleb ka otsustada, kuidas tagada maapiirkondade eluj\u00f5ud, ekspordi- ja maksutulu asendamine v\u00f5i kulude kokkuhoid. Kui aga suudame hoida tasakaalu ja pakkuda sektorile stabiilset tegutsemiskeskkonda, on v\u00f5imalik saavutada olukord, kus Eesti metsad on hoitud, majandus toimib ja kogukonnad eluj\u00f5ulised. See oleks edulugu, millest v\u00f5idaks kogu Eesti \u00fchiskond. <\/p>\n<p class=\"Paragraph SCXW111092622 BCX8\">Et selle vastu praegu sedav\u00f5rd agaralt v\u00f5ideldakse, tekitab k\u00fcsimuse, kelle huvides on vastanduda taastuval loodusvaral p\u00f5hinevale kohalikule t\u00f6\u00f6stusele. Eriti praeguses ebakindlust t\u00e4is maailmas, kus peaksime tagama oma oluliste majandusharude toimivuse ja ressursikindluse. Eelk\u00f5ige \u00f5\u00f5nestab see kampaania rahvusvaheliselt konkurentsiv\u00f5imelise erasektori ja tasakaalus regionaalpoliitika alustalasid. <\/p>\n<p>Kuidas see lugu Sind end tundma pani? Saada <a href=\"https:\/\/maaleht.delfi.ee\/artikkel\/120443301\/vastulause-henrik-valja-kelle-huvides-on-taaselustada-metsanduse-vastasseisu\/kommentaarid\" class=\"article-body-bottom__comment article-body-bottom__comment--write button button--primary button--size-auto\" rel=\"nofollow noopener\" target=\"_blank\"> Kommenteeri <\/a><a href=\"https:\/\/maaleht.delfi.ee\/artikkel\/120443301\/vastulause-henrik-valja-kelle-huvides-on-taaselustada-metsanduse-vastasseisu\/kommentaarid\" class=\"article-body-bottom__comment article-body-bottom__comment--read button button--size-auto\" rel=\"nofollow noopener\" target=\"_blank\"> Loe kommentaare (3)<\/a><\/p>\n","protected":false},"excerpt":{"rendered":"Soovin liidu nimel vabandada k\u00f5igi sektori inimeste, t\u00f6\u00f6andjate, t\u00f6\u00f6tajate ees, liitu n\u00f5ustanud inimeste ja organisatsioonide ees, et me&hellip;\n","protected":false},"author":2,"featured_media":133905,"comment_status":"","ping_status":"","sticky":false,"template":"","format":"standard","meta":{"footnotes":"","_share_on_mastodon":"0"},"categories":[5],"tags":[26,27,37,33,35,34,36,112,31,32,21,28,29,3086,10537,19,25,10087,23,24,22,20,30],"class_list":["post-133904","post","type-post","status-publish","format-standard","has-post-thumbnail","category-uldised-uudised","tag-breaking-news","tag-breakingnews","tag-ee","tag-eesti","tag-eesti-keel","tag-estonia","tag-estonian","tag-euroopa","tag-featured-news","tag-featurednews","tag-headlines","tag-latest-news","tag-latestnews","tag-metsandus","tag-metsanduse-arengukava","tag-news","tag-populaarseimad-lood","tag-puidutoostus","tag-top-stories","tag-topstories","tag-uldised-uudised","tag-uudised","tag-viimased-uudised"],"share_on_mastodon":{"url":"https:\/\/pubeurope.com\/@ee\/116261718822304657","error":""},"_links":{"self":[{"href":"https:\/\/www.europesays.com\/ee\/wp-json\/wp\/v2\/posts\/133904","targetHints":{"allow":["GET"]}}],"collection":[{"href":"https:\/\/www.europesays.com\/ee\/wp-json\/wp\/v2\/posts"}],"about":[{"href":"https:\/\/www.europesays.com\/ee\/wp-json\/wp\/v2\/types\/post"}],"author":[{"embeddable":true,"href":"https:\/\/www.europesays.com\/ee\/wp-json\/wp\/v2\/users\/2"}],"replies":[{"embeddable":true,"href":"https:\/\/www.europesays.com\/ee\/wp-json\/wp\/v2\/comments?post=133904"}],"version-history":[{"count":0,"href":"https:\/\/www.europesays.com\/ee\/wp-json\/wp\/v2\/posts\/133904\/revisions"}],"wp:featuredmedia":[{"embeddable":true,"href":"https:\/\/www.europesays.com\/ee\/wp-json\/wp\/v2\/media\/133905"}],"wp:attachment":[{"href":"https:\/\/www.europesays.com\/ee\/wp-json\/wp\/v2\/media?parent=133904"}],"wp:term":[{"taxonomy":"category","embeddable":true,"href":"https:\/\/www.europesays.com\/ee\/wp-json\/wp\/v2\/categories?post=133904"},{"taxonomy":"post_tag","embeddable":true,"href":"https:\/\/www.europesays.com\/ee\/wp-json\/wp\/v2\/tags?post=133904"}],"curies":[{"name":"wp","href":"https:\/\/api.w.org\/{rel}","templated":true}]}}