{"id":133990,"date":"2026-03-20T15:42:07","date_gmt":"2026-03-20T15:42:07","guid":{"rendered":"https:\/\/www.europesays.com\/ee\/133990\/"},"modified":"2026-03-20T15:42:07","modified_gmt":"2026-03-20T15:42:07","slug":"nordeconil-tuleb-majaehitusvaidluses-maksta-rootsi-kliendile-65-miljonit-eurot","status":"publish","type":"post","link":"https:\/\/www.europesays.com\/ee\/133990\/","title":{"rendered":"Nordeconil tuleb majaehitusvaidluses maksta Rootsi kliendile 6,5 miljonit eurot"},"content":{"rendered":"<p>Nimelt s\u00f5lmis 2018. aasta suvel Nordeconi t\u00fctarfirma SweNCN AB ehituslepingu eratellijaga, millele andis Nordecon kaasa garantiikirja. Lepingu maksumuseks oli umbes 8,1 miljonit eurot. <\/p>\n<p>Nordecon ise pole soostunud avaldama, millega t\u00e4psemalt tegu on, viidates sellele, et see informatsioon on konfidentsiaalne. \u201eL\u00e4htudes tellijaga s\u00f5lmitud lepingutest ja kokkulepetest, ei ole me alates algsest b\u00f6rsiteatest avalikustanud ei tellija nime ega objekti asukohta. Sellist infot ei saa me edastada ka n\u00fc\u00fcd, kuna see puudutab eraelu puutumatust ja isikuandmete kaitset,\u201c s\u00f5nas Nordeconi investorsuhete Andri H\u00f5bem\u00e4gi n\u00fc\u00fcd.<\/p>\n<p>Oled juba tellija?Logi sisse<\/p>\n<p><a href=\"https:\/\/arileht.delfi.ee\/a\/120443044\/nordeconil-tuleb-majaehitusvaidluses-maksta-rootsi-kliendile-6-5-miljonit-eurot\/kommentaarid\" class=\"article-body-bottom__comment article-body-bottom__comment--write button button--primary button--size-auto\" rel=\"nofollow noopener\" target=\"_blank\"> Kommenteeri <\/a><a href=\"https:\/\/arileht.delfi.ee\/a\/120443044\/nordeconil-tuleb-majaehitusvaidluses-maksta-rootsi-kliendile-6-5-miljonit-eurot\/kommentaarid\" class=\"article-body-bottom__comment article-body-bottom__comment--read button button--size-auto\" rel=\"nofollow noopener\" target=\"_blank\"> Loe kommentaare <\/a><\/p>\n","protected":false},"excerpt":{"rendered":"Nimelt s\u00f5lmis 2018. aasta suvel Nordeconi t\u00fctarfirma SweNCN AB ehituslepingu eratellijaga, millele andis Nordecon kaasa garantiikirja. Lepingu maksumuseks&hellip;\n","protected":false},"author":2,"featured_media":133991,"comment_status":"","ping_status":"","sticky":false,"template":"","format":"standard","meta":{"footnotes":"","_share_on_mastodon":"0"},"categories":[14],"tags":[10497,131,60620,130,37,33,35,34,36,780,11160,60621,889],"class_list":["post-133990","post","type-post","status-publish","format-standard","has-post-thumbnail","category-ari","tag-abba","tag-ari","tag-bjorn-ulvaeus","tag-business","tag-ee","tag-eesti","tag-eesti-keel","tag-estonia","tag-estonian","tag-investeerimine","tag-nordecon","tag-robin-soderling","tag-rootsi"],"share_on_mastodon":{"url":"https:\/\/pubeurope.com\/@ee\/116262269433733170","error":""},"_links":{"self":[{"href":"https:\/\/www.europesays.com\/ee\/wp-json\/wp\/v2\/posts\/133990","targetHints":{"allow":["GET"]}}],"collection":[{"href":"https:\/\/www.europesays.com\/ee\/wp-json\/wp\/v2\/posts"}],"about":[{"href":"https:\/\/www.europesays.com\/ee\/wp-json\/wp\/v2\/types\/post"}],"author":[{"embeddable":true,"href":"https:\/\/www.europesays.com\/ee\/wp-json\/wp\/v2\/users\/2"}],"replies":[{"embeddable":true,"href":"https:\/\/www.europesays.com\/ee\/wp-json\/wp\/v2\/comments?post=133990"}],"version-history":[{"count":0,"href":"https:\/\/www.europesays.com\/ee\/wp-json\/wp\/v2\/posts\/133990\/revisions"}],"wp:featuredmedia":[{"embeddable":true,"href":"https:\/\/www.europesays.com\/ee\/wp-json\/wp\/v2\/media\/133991"}],"wp:attachment":[{"href":"https:\/\/www.europesays.com\/ee\/wp-json\/wp\/v2\/media?parent=133990"}],"wp:term":[{"taxonomy":"category","embeddable":true,"href":"https:\/\/www.europesays.com\/ee\/wp-json\/wp\/v2\/categories?post=133990"},{"taxonomy":"post_tag","embeddable":true,"href":"https:\/\/www.europesays.com\/ee\/wp-json\/wp\/v2\/tags?post=133990"}],"curies":[{"name":"wp","href":"https:\/\/api.w.org\/{rel}","templated":true}]}}