{"id":134175,"date":"2026-03-20T20:12:11","date_gmt":"2026-03-20T20:12:11","guid":{"rendered":"https:\/\/www.europesays.com\/ee\/134175\/"},"modified":"2026-03-20T20:12:11","modified_gmt":"2026-03-20T20:12:11","slug":"kerttu-niskanen-loobub-mm-finaalturniirist-proxcskiing","status":"publish","type":"post","link":"https:\/\/www.europesays.com\/ee\/134175\/","title":{"rendered":"Kerttu Niskanen loobub MM-finaalturniirist &#8211; ProXCskiing"},"content":{"rendered":"<p>Soome suusataja Kerttu Niskanen teatas reedel Soome Suusaliidu kinnitusel oma loobumisest maailmakarika finaalv\u00f5istlustelt. Maailmakarika finaalv\u00f5istlused peetakse USAs Lake Placidis.<\/p>\n<p>Reedel kohaliku aja j\u00e4rgi on kavas meeste ja naiste 10-kilomeetrised individuaalsed ajav\u00f5istlused klassikalises stiilis, millele j\u00e4rgnevad laup\u00e4eval vabastiilis sprindid ja p\u00fchap\u00e4eval 20-kilomeetrised \u00fchisstardiga v\u00f5istlused vabastiilis.<\/p>\n<p>Niskanen on hetkel maailmakarika edetabelis 37. kohal ja pole sel hooajal \u00fchelgi v\u00f5istlusel poodiumile j\u00f5udnud. Milano-Cortina ol\u00fcmpiam\u00e4ngudel kindlustas ta aga teatejooksus pronksmedali.<\/p>\n<p class=\"gt-block\">Tekst: STT Sport\/Teemu Virtanen<\/p>\n<p>FAKTID Lake Placidi maailmameistriv\u00f5istluste hooaeg 2025\/2026<\/p>\n<p class=\"gt-block\">PROGRAMM<\/p>\n<p class=\"gt-block\">Reede, 20. m\u00e4rts: 10 km intervallstardist klassikaline distants (lisateavet leiate aadressilt\u00a0<a href=\"https:\/\/www.proxcskiing.com\/et\/s%C3%BCndmus\/fis-wc-Lake-Placid-10-km-c\/\" target=\"_blank\" rel=\"noreferrer noopener nofollow\">SIIN<\/a>)<\/p>\n<ul class=\"wp-block-list\">\n<li>18:00 CET: 10 km intervallstardist klassikalised distantsid, naised<\/li>\n<li>20:00 CET: 10 km intervallstardist klassikalised distantsid, mehed<\/li>\n<\/ul>\n<p class=\"gt-block\">Laup\u00e4ev, 21. m\u00e4rts: Sprint Freestyle (Lisateavet leiate aadressilt\u00a0<a href=\"https:\/\/www.proxcskiing.com\/et\/s%C3%BCndmus\/fis-wc-Lake-Placid-sprint-f\/\" target=\"_blank\" rel=\"noreferrer noopener nofollow\">SIIN<\/a>)<\/p>\n<ul class=\"wp-block-list\">\n<li>15:30 CET: Sprindi kvalifikatsioon vabaujumises, mehed<\/li>\n<li>15:30 CET: Sprindi kvalifikatsioon vabaujumises, naised<\/li>\n<li>18:00 CET: Meeste vabaujumise finaal<\/li>\n<li>18:00 CET: Naiste vabaujumise finaal<\/li>\n<\/ul>\n<p class=\"gt-block\">P\u00fchap\u00e4ev, 22. m\u00e4rts: 20 km \u00fchisstardiga vabaujumine (lisateavet leiate aadressilt\u00a0<a href=\"https:\/\/www.proxcskiing.com\/et\/s%C3%BCndmus\/fini%C5%A1-MM-Lake-Placidis-20-km-%C3%BChisstardist-vaba\/\" target=\"_blank\" rel=\"noreferrer noopener nofollow\">SIIN<\/a>)<\/p>\n<ul class=\"wp-block-list\">\n<li>17:30 CET: 20 km \u00fchisstardist vabaujumine, mehed<\/li>\n<li>19:30 CET: 20 km \u00fchisstardist vabaujumine, naised<\/li>\n<\/ul>\n<p class=\"gt-block\">Loe edasi:\u00a0<a href=\"https:\/\/www.proxcskiing.com\/et\/traditsiooniline-suusatamine\/Murdmaasuusatamise-maailmameistriv%C3%B5istluste-kalender-2025.-ja-2026.-aasta-talvehooajaks\/\" target=\"_blank\" rel=\"noreferrer noopener nofollow\">Murdmaasuusatamise maailmameistriv\u00f5istlused: 2025\/2026 talvehooaja kalender<\/a><\/p>\n<p class=\"gt-block\">Lisateavet murdmaasuusatamise maailmameistriv\u00f5istluste kohta leiate\u00a0<a href=\"https:\/\/www.fis-ski.com\/cross-country\" target=\"_blank\" rel=\"noreferrer noopener nofollow\">SIIN<\/a><\/p>\n<p class=\"gt-block\">Kas olete huvitatud traditsioonilisest murdmaasuusatamisest? Kl\u00f5psake siin\u00a0<a href=\"https:\/\/www.proxcskiing.com\/et\/kategooria\/traditsiooniline-suusatamine\/\" target=\"_blank\" rel=\"noreferrer noopener nofollow\">SIIN<\/a>\u00a0ja loe selle kohta l\u00e4hemalt.<\/p>\n<p>ProXCskiing.com liikmena saate t\u00e4ieliku juurdep\u00e4\u00e4su kogu saidi sisule. Samuti otse\u00fclekanded Ski Classics \u00fcritused on saadaval ingliskeelsete kommentaaridega.<\/p>\n<p>Kui sinust saab osa \u00fchest maailma juhtivast murdmaasuusatamise kogukonnast, saad aastaringselt palju eksklusiivseid pakkumisi.<\/p>\n<p><a href=\"https:\/\/proxcskiing.com\/profile\/\" target=\"_blank\" rel=\"noreferrer noopener nofollow\"><img loading=\"lazy\" decoding=\"async\" width=\"1024\" height=\"313\" src=\"https:\/\/www.europesays.com\/ee\/wp-content\/uploads\/2026\/03\/Pro-XC-Skiing_WinterBanner_2024_980x300_EN-1024x313.png\" alt=\"Banner 2024\" class=\"wp-image-77122\"  \/><\/a><\/p>\n<p class=\"gt-block has-text-align-center\"><a href=\"https:\/\/proxcskiing.com\/profile\/\" target=\"_blank\" rel=\"noreferrer noopener nofollow\"><a href=\"https:\/\/proxcskiing.com\/profile\/\" target=\"_blank\" rel=\"noreferrer noopener nofollow\">REGISTREERU SIIN LIIKMEKS<\/a><\/p>\n","protected":false},"excerpt":{"rendered":"Soome suusataja Kerttu Niskanen teatas reedel Soome Suusaliidu kinnitusel oma loobumisest maailmakarika finaalv\u00f5istlustelt. Maailmakarika finaalv\u00f5istlused peetakse USAs Lake&hellip;\n","protected":false},"author":2,"featured_media":134176,"comment_status":"","ping_status":"","sticky":false,"template":"","format":"standard","meta":{"footnotes":"","_share_on_mastodon":"0"},"categories":[18],"tags":[37,33,35,34,36,60709,35584,159,158,35585],"class_list":["post-134175","post","type-post","status-publish","format-standard","has-post-thumbnail","category-sport","tag-ee","tag-eesti","tag-eesti-keel","tag-estonia","tag-estonian","tag-niskaken","tag-proxcskimine","tag-sport","tag-sports","tag-world-cup"],"share_on_mastodon":{"url":"https:\/\/pubeurope.com\/@ee\/116263331045977386","error":""},"_links":{"self":[{"href":"https:\/\/www.europesays.com\/ee\/wp-json\/wp\/v2\/posts\/134175","targetHints":{"allow":["GET"]}}],"collection":[{"href":"https:\/\/www.europesays.com\/ee\/wp-json\/wp\/v2\/posts"}],"about":[{"href":"https:\/\/www.europesays.com\/ee\/wp-json\/wp\/v2\/types\/post"}],"author":[{"embeddable":true,"href":"https:\/\/www.europesays.com\/ee\/wp-json\/wp\/v2\/users\/2"}],"replies":[{"embeddable":true,"href":"https:\/\/www.europesays.com\/ee\/wp-json\/wp\/v2\/comments?post=134175"}],"version-history":[{"count":0,"href":"https:\/\/www.europesays.com\/ee\/wp-json\/wp\/v2\/posts\/134175\/revisions"}],"wp:featuredmedia":[{"embeddable":true,"href":"https:\/\/www.europesays.com\/ee\/wp-json\/wp\/v2\/media\/134176"}],"wp:attachment":[{"href":"https:\/\/www.europesays.com\/ee\/wp-json\/wp\/v2\/media?parent=134175"}],"wp:term":[{"taxonomy":"category","embeddable":true,"href":"https:\/\/www.europesays.com\/ee\/wp-json\/wp\/v2\/categories?post=134175"},{"taxonomy":"post_tag","embeddable":true,"href":"https:\/\/www.europesays.com\/ee\/wp-json\/wp\/v2\/tags?post=134175"}],"curies":[{"name":"wp","href":"https:\/\/api.w.org\/{rel}","templated":true}]}}