{"id":134279,"date":"2026-03-20T22:45:10","date_gmt":"2026-03-20T22:45:10","guid":{"rendered":"https:\/\/www.europesays.com\/ee\/134279\/"},"modified":"2026-03-20T22:45:10","modified_gmt":"2026-03-20T22:45:10","slug":"ma-toesti-elan-tapselt-sellist-elu-millest-vaike-adeele-kunagi-unistas","status":"publish","type":"post","link":"https:\/\/www.europesays.com\/ee\/134279\/","title":{"rendered":"ma t\u00f5esti elan t\u00e4pselt sellist elu, millest v\u00e4ike Adeele kunagi unistas"},"content":{"rendered":"<p><img decoding=\"async\" class=\"figure__image\" onclick=\"triggerEvent('articleImageClick', { id: 17520241, focus: 'single-image', focusIndex: '17520241' })\" onkeydown=\"if (event.key === 'Enter') {&#10;        triggerEvent('articleImageClick', { id: 17520241, focus: 'single-image', focusIndex: '17520241' })&#10;        }\" role=\"button\" tabindex=\"0\" data-focus-from=\"single-image\" data-focus-index=\"17520241\" src=\"https:\/\/www.europesays.com\/ee\/wp-content\/uploads\/2026\/03\/17520241t1h12d3.jpg\"  onload=\"this.parentElement.classList.remove('figure__image-loading')\" alt=\"Adeele Jaago on Ugala teatri n\u00e4itleja ja lavastaja, aga ka laulja ja laulukirjutaja. Oma deb\u00fc\u00fctalbumit tegi ta kokku kaheksa aastat.\"\/>Adeele Jaago on Ugala teatri n\u00e4itleja ja lavastaja, aga ka laulja ja laulukirjutaja. Oma deb\u00fc\u00fctalbumit tegi ta kokku kaheksa aastat. Foto: Annika Vihmann<\/p>\n<p>Ugala teatri n\u00e4itleja ja lavastaja ning \u00fchtlasi laulja ja laulukirjutaja\u00a0Adeele Jaago sai valmis oma\u00a0kaheksa aastat tehtud deb\u00fc\u00fctalbumi &#8220;Eluga valssi&#8221;.<\/p>\n<p>\u200bAdeele Jaago, praegu, mil me siin Ugalas juttu ajame, on kell pisut \u00fcle poole k\u00fcmne hommikul. On see teie jaoks v\u00e4ga varajane kellaaeg?<\/p>\n","protected":false},"excerpt":{"rendered":"Adeele Jaago on Ugala teatri n\u00e4itleja ja lavastaja, aga ka laulja ja laulukirjutaja. Oma deb\u00fc\u00fctalbumit tegi ta kokku&hellip;\n","protected":false},"author":2,"featured_media":134280,"comment_status":"","ping_status":"","sticky":false,"template":"","format":"standard","meta":{"footnotes":"","_share_on_mastodon":"0"},"categories":[16],"tags":[27259,60475,37,33,35,57381,173,34,36,140,196,550],"class_list":["post-134279","post","type-post","status-publish","format-standard","has-post-thumbnail","category-meelelahutus","tag-adeele-jaago","tag-debuutalbum","tag-ee","tag-eesti","tag-eesti-keel","tag-eluga-valssi","tag-entertainment","tag-estonia","tag-estonian","tag-meelelahutus","tag-ugala","tag-vaiko-eplik"],"share_on_mastodon":{"url":"https:\/\/pubeurope.com\/@ee\/116263932661808662","error":""},"_links":{"self":[{"href":"https:\/\/www.europesays.com\/ee\/wp-json\/wp\/v2\/posts\/134279","targetHints":{"allow":["GET"]}}],"collection":[{"href":"https:\/\/www.europesays.com\/ee\/wp-json\/wp\/v2\/posts"}],"about":[{"href":"https:\/\/www.europesays.com\/ee\/wp-json\/wp\/v2\/types\/post"}],"author":[{"embeddable":true,"href":"https:\/\/www.europesays.com\/ee\/wp-json\/wp\/v2\/users\/2"}],"replies":[{"embeddable":true,"href":"https:\/\/www.europesays.com\/ee\/wp-json\/wp\/v2\/comments?post=134279"}],"version-history":[{"count":0,"href":"https:\/\/www.europesays.com\/ee\/wp-json\/wp\/v2\/posts\/134279\/revisions"}],"wp:featuredmedia":[{"embeddable":true,"href":"https:\/\/www.europesays.com\/ee\/wp-json\/wp\/v2\/media\/134280"}],"wp:attachment":[{"href":"https:\/\/www.europesays.com\/ee\/wp-json\/wp\/v2\/media?parent=134279"}],"wp:term":[{"taxonomy":"category","embeddable":true,"href":"https:\/\/www.europesays.com\/ee\/wp-json\/wp\/v2\/categories?post=134279"},{"taxonomy":"post_tag","embeddable":true,"href":"https:\/\/www.europesays.com\/ee\/wp-json\/wp\/v2\/tags?post=134279"}],"curies":[{"name":"wp","href":"https:\/\/api.w.org\/{rel}","templated":true}]}}