{"id":134328,"date":"2026-03-21T02:15:10","date_gmt":"2026-03-21T02:15:10","guid":{"rendered":"https:\/\/www.europesays.com\/ee\/134328\/"},"modified":"2026-03-21T02:15:10","modified_gmt":"2026-03-21T02:15:10","slug":"tsehhi-laskesuusataja-lopetab-kumneaastase-karjaari-maailmameistrivoistlustel","status":"publish","type":"post","link":"https:\/\/www.europesays.com\/ee\/134328\/","title":{"rendered":"T\u0161ehhi laskesuusataja l\u00f5petab k\u00fcmneaastase karj\u00e4\u00e4ri maailmameistriv\u00f5istlustel"},"content":{"rendered":"<p>Adam V\u00e1clav\u00edk on T\u0161ehhi koondise sportlane, kes on l\u00e4binud n\u00f5udliku tee noorest talendijast j\u00e4rjepidevaks maailmameistriv\u00f5istluste v\u00f5istlejaks. Tema lugu ei r\u00e4\u00e4gi kiirest t\u00f5usust staariks, vaid pigem kannatlikkusest, vormi otsimisest ja j\u00e4rkj\u00e4rgulisest arengust.<\/p>\n<p>N\u00fc\u00fcdseks 32-aastane V\u00e1clav\u00edk paistis juba juunioride kategoorias silma. Teda peeti T\u0161ehhi laskesuusatamise \u00fcheks paljulubavaks nimeks ja tema suusatamisoskus viitas suurele potentsiaalile. \u00dcleminek t\u00e4iskasvanute tasemele polnud aga kerge.<\/p>\n<p>Kuigi ta suutis suusatamises eliittasemel v\u00f5istelda, takistas tema laskmisoskus teda sageli. See t\u00e4hendas tihti, et esik\u00fcmne koha eest v\u00f5itlemise asemel l\u00f5petas ta 30.\u201340. kohal.<\/p>\n<p>Ta tegi oma maailmameistriv\u00f5istluste deb\u00fc\u00fcdi 2016. aastal ja kogus j\u00e4rk-j\u00e4rgult kogemusi maailma parimate seas.<\/p>\n<p>Karj\u00e4\u00e4ri tipphetked<\/p>\n<p>\u00dcks tema karj\u00e4\u00e4ri suurimaid saavutusi tuli 2020. aasta Euroopa meistriv\u00f5istlustelt, kus ta v\u00f5itis supersprindis h\u00f5bemedali.<\/p>\n<p>Aasta varem, 2019. aastal, v\u00f5itis ta universiaadil samuti mass-stardis pronksmedali.<\/p>\n<p>Ta esindas T\u0161ehhi Vabariiki ka kahel taliol\u00fcmpiam\u00e4ngul \u2013 esmalt PyeongChangis 2018 ja seej\u00e4rel Pekingis 2022.<\/p>\n<p>L\u00e4bimurdehooaeg ja olevik<\/p>\n<p>Hooaeg 2024\/2025 t\u00f5i V\u00e1clav\u00edkile m\u00e4rkimisv\u00e4\u00e4rse edasimineku. V\u00f5tmeks oli stabiilsem vise, mille t\u00e4psus ulatus umbes 85 protsendini, mis v\u00f5imaldas tal l\u00f5puks oma tugevat suusatamist t\u00e4ielikult \u00e4ra kasutada.<\/p>\n<p>Tulemuseks olid tema hooaja parimad sooritused: 14. koht Pokljukas toimunud maailmakarikav\u00f5istlustel (2025), mitu esikahek\u00fcmne hulka j\u00f5udmist ja j\u00e4rjepidevad maailmakarika punktid.<\/p>\n<p>\u00dcht\u00e4kki muutus \u201ep\u00fcsivaks autsaideriks\u201c konkurent, keda j\u00e4lgida. Sel hooajal naasid asjad aga endiste mustrite juurde. Ta esindas T\u0161ehhi Vabariiki B-koondises ja v\u00f5istles IBU karikal, kus tulemused olid erinevad.<\/p>\n<p>Ta j\u00f5udis neli korda esik\u00fcmnesse, kuid sagedamini l\u00f5petas 20. ja 30. koha vahel. Maailmakarika sarjas osales ta sel hooajal vaid korra, l\u00f5petades Prantsusmaal Annecy sprindis 65. kohal.<\/p>\n<p>Karj\u00e4\u00e4r, mis oleks v\u00f5inud olla teistsugune?<\/p>\n<p class=\"gt-block\">koos <a href=\"https:\/\/www.biathlonworld.com\/athlete\/vaclavik-adam\/BTCZE11802199401\" target=\"_blank\" rel=\"noreferrer noopener nofollow\">Adam V\u00e1clav\u00edk<\/a>, tekib sageli k\u00fcsimus \u201emis oleks, kui\u201c. Mis oleks, kui ta oleks oma viskeoskuse varem stabiliseerinud? Mis oleks, kui tema tippvorm oleks saabunud paar aastat varem?<\/p>\n<p>Teisest k\u00fcljest r\u00f5hutab tema lugu laskesuusatamise kui spordiala keerukust. Ainult tugevaks suusatajaks olemisest ei piisa \u2013 edu s\u00f5ltub detailidest, vaimsest tugevusest ja v\u00f5imest surve all visata.<\/p>\n<p>L\u00f5plik otsus<\/p>\n<p>Tema otsus p\u00e4rast 2025\/2026 hooaega karj\u00e4\u00e4ri l\u00f5petada on m\u00f5istlik. Ta ei kuulu enam noorimate sportlaste hulka ja p\u00e4rast seda hooaega IBU karikas on A-koondisse naasmise v\u00f5imalused v\u00e4ikesed.<\/p>\n<p>Tagasi vaadates pole tal aga p\u00f5hjust tunda end alahinnatuna. Ta ei pruugi k\u00fcll karj\u00e4\u00e4ri l\u00f5petada maailmameistrina, vaid sportlasena, kes esindas oma riiki ol\u00fcmpiam\u00e4ngudel, v\u00f5itis medaleid suurtel rahvusvahelistel \u00fcritustel ja ennek\u00f5ike p\u00fcsis tippspordis enam kui k\u00fcmme aastat.<\/p>\n<p class=\"gt-block\">Samuti loe:<a href=\"https:\/\/www.proxcskiing.com\/et\/laskesuusatamine\/Miks-laskesuusatajad-nii-palju-ila-jooksevad\/\" target=\"_blank\" rel=\"noreferrer noopener nofollow\"> Miks laskesuusatajad nii palju ila jooksevad?<\/a> <\/p>\n","protected":false},"excerpt":{"rendered":"Adam V\u00e1clav\u00edk on T\u0161ehhi koondise sportlane, kes on l\u00e4binud n\u00f5udliku tee noorest talendijast j\u00e4rjepidevaks maailmameistriv\u00f5istluste v\u00f5istlejaks. Tema lugu&hellip;\n","protected":false},"author":2,"featured_media":134329,"comment_status":"","ping_status":"","sticky":false,"template":"","format":"standard","meta":{"footnotes":"","_share_on_mastodon":"0"},"categories":[18],"tags":[60754,37,33,35,34,36,2998,35584,159,158,116,35585],"class_list":["post-134328","post","type-post","status-publish","format-standard","has-post-thumbnail","category-sport","tag-adam-vaclavik","tag-ee","tag-eesti","tag-eesti-keel","tag-estonia","tag-estonian","tag-laskesuusatamine","tag-proxcskimine","tag-sport","tag-sports","tag-tsehhi","tag-world-cup"],"share_on_mastodon":{"url":"https:\/\/pubeurope.com\/@ee\/116264758359392294","error":""},"_links":{"self":[{"href":"https:\/\/www.europesays.com\/ee\/wp-json\/wp\/v2\/posts\/134328","targetHints":{"allow":["GET"]}}],"collection":[{"href":"https:\/\/www.europesays.com\/ee\/wp-json\/wp\/v2\/posts"}],"about":[{"href":"https:\/\/www.europesays.com\/ee\/wp-json\/wp\/v2\/types\/post"}],"author":[{"embeddable":true,"href":"https:\/\/www.europesays.com\/ee\/wp-json\/wp\/v2\/users\/2"}],"replies":[{"embeddable":true,"href":"https:\/\/www.europesays.com\/ee\/wp-json\/wp\/v2\/comments?post=134328"}],"version-history":[{"count":0,"href":"https:\/\/www.europesays.com\/ee\/wp-json\/wp\/v2\/posts\/134328\/revisions"}],"wp:featuredmedia":[{"embeddable":true,"href":"https:\/\/www.europesays.com\/ee\/wp-json\/wp\/v2\/media\/134329"}],"wp:attachment":[{"href":"https:\/\/www.europesays.com\/ee\/wp-json\/wp\/v2\/media?parent=134328"}],"wp:term":[{"taxonomy":"category","embeddable":true,"href":"https:\/\/www.europesays.com\/ee\/wp-json\/wp\/v2\/categories?post=134328"},{"taxonomy":"post_tag","embeddable":true,"href":"https:\/\/www.europesays.com\/ee\/wp-json\/wp\/v2\/tags?post=134328"}],"curies":[{"name":"wp","href":"https:\/\/api.w.org\/{rel}","templated":true}]}}