{"id":134389,"date":"2026-03-21T06:54:12","date_gmt":"2026-03-21T06:54:12","guid":{"rendered":"https:\/\/www.europesays.com\/ee\/134389\/"},"modified":"2026-03-21T06:54:12","modified_gmt":"2026-03-21T06:54:12","slug":"cbs-news-koondab-kuus-protsenti-tootajatest-valismaa","status":"publish","type":"post","link":"https:\/\/www.europesays.com\/ee\/134389\/","title":{"rendered":"CBS News koondab kuus protsenti t\u00f6\u00f6tajatest | V\u00e4lismaa"},"content":{"rendered":"<p>CBS Newsi peatoimetaja Bari Weiss ja president Tom Cibrowski teatasid reedel, et meediafirma koodab kuus protsenti oma t\u00f6\u00f6tajatest. Lisaks sulgeb meediafirma ligi 100 aastat tegutsenud CBS News Radio.<\/p>\n<p>Weiss ja Cibrowski teatasid, et meedia\u00e4ri muutub ning seet\u00f5ttu peavad firma uudistetoimetused muutuma v\u00e4iksemaks. Varitey teatel koondab firma 60-70 t\u00f6\u00f6tajat. Selle k\u00e4igus saadetakse laiali ka\u00a0CBS News Radio, kus William S. Paley asutas kogu kontserni 1927. aastal, vahendas The Hill.\u00a0<\/p>\n<p>CBS News Radio teeb USA-s koost\u00f6\u00f6d ligi 700 kohaliku jaamaga ning l\u00f5petab oma tegevuse 22. mail. Weiss ja Cibrowski tunnistasid, et raadio\u00fcksuse laialisaatmine oli raske, kuid vajalik otsus.<\/p>\n<p>Weissi juhtimisel on CBS Newsis tehtud ulatuslikke \u00fcmberkorraldusi ning ettev\u00f5te koondas ka mullu oktoobris t\u00f6\u00f6tajaid.\u00a0<\/p>\n<p>Kuulus ajakirjanik Weiss v\u00f5ttis CBS Newsi juhtimise \u00fcle 2025. aastal. Ta lahkus The New York Timesist 2020. aastal. Ta p\u00f5hjendas toona oma \u00e4raminekut sellega, et leht on kaotanud liberaalse iseloomu ning keskendub ainult kitsale vasakpoolsele auditooriumile.<\/p>\n","protected":false},"excerpt":{"rendered":"CBS Newsi peatoimetaja Bari Weiss ja president Tom Cibrowski teatasid reedel, et meediafirma koodab kuus protsenti oma t\u00f6\u00f6tajatest.&hellip;\n","protected":false},"author":2,"featured_media":134390,"comment_status":"","ping_status":"","sticky":false,"template":"","format":"standard","meta":{"footnotes":"","_share_on_mastodon":"0"},"categories":[80],"tags":[8599,26,27,8601,37,33,35,34,36,31,32,21,28,29,95,19,25,23,24,22,325,20,30,92,93,94],"class_list":["post-134389","post","type-post","status-publish","format-standard","has-post-thumbnail","category-maailm","tag-bari-weiss","tag-breaking-news","tag-breakingnews","tag-cbs-news","tag-ee","tag-eesti","tag-eesti-keel","tag-estonia","tag-estonian","tag-featured-news","tag-featurednews","tag-headlines","tag-latest-news","tag-latestnews","tag-maailm","tag-news","tag-populaarseimad-lood","tag-top-stories","tag-topstories","tag-uldised-uudised","tag-usa","tag-uudised","tag-viimased-uudised","tag-world","tag-world-news","tag-worldnews"],"share_on_mastodon":{"url":"https:\/\/pubeurope.com\/@ee\/116265855379577808","error":""},"_links":{"self":[{"href":"https:\/\/www.europesays.com\/ee\/wp-json\/wp\/v2\/posts\/134389","targetHints":{"allow":["GET"]}}],"collection":[{"href":"https:\/\/www.europesays.com\/ee\/wp-json\/wp\/v2\/posts"}],"about":[{"href":"https:\/\/www.europesays.com\/ee\/wp-json\/wp\/v2\/types\/post"}],"author":[{"embeddable":true,"href":"https:\/\/www.europesays.com\/ee\/wp-json\/wp\/v2\/users\/2"}],"replies":[{"embeddable":true,"href":"https:\/\/www.europesays.com\/ee\/wp-json\/wp\/v2\/comments?post=134389"}],"version-history":[{"count":0,"href":"https:\/\/www.europesays.com\/ee\/wp-json\/wp\/v2\/posts\/134389\/revisions"}],"wp:featuredmedia":[{"embeddable":true,"href":"https:\/\/www.europesays.com\/ee\/wp-json\/wp\/v2\/media\/134390"}],"wp:attachment":[{"href":"https:\/\/www.europesays.com\/ee\/wp-json\/wp\/v2\/media?parent=134389"}],"wp:term":[{"taxonomy":"category","embeddable":true,"href":"https:\/\/www.europesays.com\/ee\/wp-json\/wp\/v2\/categories?post=134389"},{"taxonomy":"post_tag","embeddable":true,"href":"https:\/\/www.europesays.com\/ee\/wp-json\/wp\/v2\/tags?post=134389"}],"curies":[{"name":"wp","href":"https:\/\/api.w.org\/{rel}","templated":true}]}}