{"id":134515,"date":"2026-03-21T10:22:08","date_gmt":"2026-03-21T10:22:08","guid":{"rendered":"https:\/\/www.europesays.com\/ee\/134515\/"},"modified":"2026-03-21T10:22:08","modified_gmt":"2026-03-21T10:22:08","slug":"epp-maria-kokamagi-eestimaal-on-voimalik-luua-oma-paradiislik-toskaana-ringvaade","status":"publish","type":"post","link":"https:\/\/www.europesays.com\/ee\/134515\/","title":{"rendered":"Epp Maria Kokam\u00e4gi: Eestimaal on v\u00f5imalik luua oma paradiislik Toskaana | Ringvaade"},"content":{"rendered":"<p>Kunstnik Epp Maria Kokam\u00e4gi r\u00e4\u00e4kis &#8220;Ringvaates&#8221;, et temast tehtud dokumentaalfilmis saab n\u00e4ha re\u017eiss\u00f6\u00f6r Anu Auna varianti nende pere elust ja filmi on valitud just need hetked, mis tunduvad v\u00e4ga paradiislikud. Kunstniku s\u00f5nul on aga Eestimaal v\u00f5imalik luua p\u00e4ris oma v\u00e4ike ja paradiislik Toskaana.<\/p>\n<p>Kinodesse j\u00f5udis re\u017eiss\u00f6\u00f6r Anu Auna dokumentaalfilm &#8220;Epp Maria. Elu maalides&#8221;, mille peategelaseks on kunstnik Epp Maria Kokam\u00e4gi.<\/p>\n<p>&#8220;Filmi vaadates oli mul huvitav tunne. Maalides ma distantseerun oma maalist m\u00f5ne aja j\u00e4rel. Kuna film v\u00f5eti \u00fcles 2024. aastal, on sellega m\u00f5nus distants tekkinud ja ma sain seda rahumeeli vaadata, ma kordagi ei m\u00f5elnud, et film on minust,&#8221; jagas Kokam\u00e4gi filmi esilinastuse muljeid. &#8220;Tore oli vaadata.&#8221;<\/p>\n<p>Kokam\u00e4gi t\u00f5des, et elu siin maa peal on l\u00fchike ja \u00fcks ning seda tuleb v\u00f5imalikult m\u00f5nusalt elada, et ei oleks midagi kahetseda. &#8220;Sepamaa talu on k\u00f5ik ise loodud, kunagi v\u00e4ga ammu me ostsime ju peaaegu varemed ja siis hakkasime nokitsema,&#8221; meenutas Kokam\u00e4gi.<\/p>\n<p>Kui maal tahta elada, tuleb kunstniku s\u00f5nul kogu aeg ka f\u00fc\u00fcsilist t\u00f6\u00f6d teha. &#8220;Pead puid tegema, need tuppa tooma, pliidi alla tule tegema. Filmis te n\u00e4ete Anu varianti meie elust, reas on just need hetked, mis tunduvad v\u00e4ga paradiisilikud. Eestimaal ongi v\u00f5imalik luua oma v\u00e4ike Toskaana,&#8221; s\u00f5nas Kokam\u00e4gi.<\/p>\n<p>Filmil on kaks operaatorit ja \u00fcks neist kunstniku poeg Johannes. &#8220;Heiko Sikka filmis k\u00f5ik intervjuud ja Johannes tegi k\u00f5ik loomakaadrid. Koerad ja kassid natuke Heikot kartsid ja piilusid nurga tagant, aga Johannesega tundsid end h\u00e4sti vabalt. Looduskaadreid filmis ka p\u00e4ris palju Johannes.&#8221;<\/p>\n<p>Kokam\u00e4gi s\u00f5nul ei saa maalides Pegasust ootama j\u00e4\u00e4da, sest siis j\u00e4\u00e4ks pere n\u00e4lga. &#8220;Maalides on mulle valgus v\u00e4ga t\u00e4htis.&#8221;<\/p>\n<p>&#8220;Maalimine on v\u00e4ga privaatne tegevus, sa m\u00f5tled ja teed, aga ei r\u00e4\u00e4gi. Ma olen harjunud, et ma elus r\u00e4\u00e4gin v\u00e4he. Vastan viisakalt, kui k\u00fcsitakse, aga ise ei filosofeeri. Anu k\u00fcsis p\u00e4ris palju ja pani mu r\u00e4\u00e4kima. Siis oli mul hirm, et n\u00fc\u00fcd on film niimoodi, et suures plaanis \u00fcks n\u00e4gu muudkui r\u00e4\u00e4gib, keda see huvitab, aga montaa\u017e oli nii toredasti tehtud, et mul k\u00f5ik hirm kadus, et ei ole nagu valimisreklaam,&#8221; muheles Kokam\u00e4gi.<\/p>\n<p>Kokam\u00e4gi s\u00f5nul tuleb lasta inimesel vabalt kasvada ja olla. &#8220;Oma eluga ka eeskuju anda. Me ei ole lapsi kasvatanud, nad kasvavad ise. Me hoiame kokku, me oleme selline pere, mured on igas peres ja iga\u00fche elus tuleb raskeid hetki, aga raskel ajal hoiad veel rohkem kokku, p\u00fc\u00fcad raskustest koos l\u00e4bi minna. Olen oma eakaaslastega suheldes m\u00e4rganud, et k\u00f5ik ei suhtle oma lastega nii tihedalt, aga me helistame ikka iga p\u00e4ev ja k\u00fclas k\u00e4ivad lapsed iga n\u00e4dal,&#8221; t\u00f5des kunstnik.<\/p>\n<p><img decoding=\"async\" data-photo-id=\"3267855\" src=\"https:\/\/www.europesays.com\/ee\/wp-content\/uploads\/2026\/03\/3267855h264at24.jpg\"\/>Tallinnas esilinastus Anu Auna dokfilm &#8220;Epp Maria. Elu maalides&#8221; Autor\/allikas: Erlend \u0160taub<\/p>\n","protected":false},"excerpt":{"rendered":"Kunstnik Epp Maria Kokam\u00e4gi r\u00e4\u00e4kis &#8220;Ringvaates&#8221;, et temast tehtud dokumentaalfilmis saab n\u00e4ha re\u017eiss\u00f6\u00f6r Anu Auna varianti nende pere&hellip;\n","protected":false},"author":2,"featured_media":134516,"comment_status":"","ping_status":"","sticky":false,"template":"","format":"standard","meta":{"footnotes":"","_share_on_mastodon":"0"},"categories":[16],"tags":[19453,37,33,35,173,15628,57357,34,36,140],"class_list":["post-134515","post","type-post","status-publish","format-standard","has-post-thumbnail","category-meelelahutus","tag-anu-aun","tag-ee","tag-eesti","tag-eesti-keel","tag-entertainment","tag-epp-maria-kokamagi","tag-epp-maria-elu-maalides","tag-estonia","tag-estonian","tag-meelelahutus"],"share_on_mastodon":{"url":"https:\/\/pubeurope.com\/@ee\/116266673750633867","error":""},"_links":{"self":[{"href":"https:\/\/www.europesays.com\/ee\/wp-json\/wp\/v2\/posts\/134515","targetHints":{"allow":["GET"]}}],"collection":[{"href":"https:\/\/www.europesays.com\/ee\/wp-json\/wp\/v2\/posts"}],"about":[{"href":"https:\/\/www.europesays.com\/ee\/wp-json\/wp\/v2\/types\/post"}],"author":[{"embeddable":true,"href":"https:\/\/www.europesays.com\/ee\/wp-json\/wp\/v2\/users\/2"}],"replies":[{"embeddable":true,"href":"https:\/\/www.europesays.com\/ee\/wp-json\/wp\/v2\/comments?post=134515"}],"version-history":[{"count":0,"href":"https:\/\/www.europesays.com\/ee\/wp-json\/wp\/v2\/posts\/134515\/revisions"}],"wp:featuredmedia":[{"embeddable":true,"href":"https:\/\/www.europesays.com\/ee\/wp-json\/wp\/v2\/media\/134516"}],"wp:attachment":[{"href":"https:\/\/www.europesays.com\/ee\/wp-json\/wp\/v2\/media?parent=134515"}],"wp:term":[{"taxonomy":"category","embeddable":true,"href":"https:\/\/www.europesays.com\/ee\/wp-json\/wp\/v2\/categories?post=134515"},{"taxonomy":"post_tag","embeddable":true,"href":"https:\/\/www.europesays.com\/ee\/wp-json\/wp\/v2\/tags?post=134515"}],"curies":[{"name":"wp","href":"https:\/\/api.w.org\/{rel}","templated":true}]}}