{"id":134660,"date":"2026-03-21T14:40:18","date_gmt":"2026-03-21T14:40:18","guid":{"rendered":"https:\/\/www.europesays.com\/ee\/134660\/"},"modified":"2026-03-21T14:40:18","modified_gmt":"2026-03-21T14:40:18","slug":"katsed-orbanit-lepitada-asendusid-viha-ja-ahvardustega-maailm-postimees-ee","status":"publish","type":"post","link":"https:\/\/www.europesays.com\/ee\/134660\/","title":{"rendered":"Katsed Orb\u00e1nit lepitada asendusid viha ja \u00e4hvardustega &#8211; Maailm &#8211; Postimees.ee"},"content":{"rendered":"<ol>\n<li><a href=\"https:\/\/news.google.com\/rss\/articles\/CBMilAFBVV95cUxOMHdTUDRvTU14N1pCUkZNMm5XUXBsNXpmRVhiNWZMeE9zSmhjRXJjU0RqYU1iZjEyNkRrMi05WDJsUDFhZEdKU1JkcWhNMzNmTnMxZWtaSU56LTcxangwSXkyT3NOYXZrWTFQU1FwalRnUXFma2FiM0NCQ2std016WVB3ejEzbXVuVzJvS0pxRW1hQ3ZT?oc=5\" target=\"_blank\" rel=\"nofollow noopener\">Katsed Orb\u00e1nit lepitada asendusid viha ja \u00e4hvardustega<\/a>&nbsp;&nbsp;Maailm &#8211; Postimees.ee<\/li>\n<li><a href=\"https:\/\/news.google.com\/rss\/articles\/CBMiqAFBVV95cUxQeDNlZUd5NlhOcHdnNlA5U0RDZ1RnbW1jaDRQaGN3RGRRVXdLUUY1M0UxMWVIb2hGMlk3Mm5tcFd6LTYwUWF2dWoxaTFrLUwtSHBPdFlxRHBxUHg2Ql91ZDZXYVFaYWczWkNYMlFuVHBvNE5JSjVmZ3BRUnRFa3lHRHU4LTBSVFVsVzdJUml5ZWJ0M25hY2xhNXE5QU15SmhBczNYYV9jRDY?oc=5\" target=\"_blank\" rel=\"nofollow noopener\">Michal Orb\u00e1ni s\u00f5namurdlikkusest: n\u00fc\u00fcd ootavad k\u00f5ik Ungari valimisi<\/a>&nbsp;&nbsp;\u00c4rip\u00e4ev<\/li>\n<li><a href=\"https:\/\/news.google.com\/rss\/articles\/CBMikwFBVV95cUxQWVRHTVROS25XLWxSSVRsTHE4aEx3TnVjcWdHMkRaQkY2U2JfRS1WNUpKY3BtbElQZUVScWF0VHpxNFBvTEVIOHJPWjBkY1ZJbGt1QWM4TXctSTRJQkRFVlVUNU9YYnpiYVprR01GeFM3SXVZQzFhYlk2a2tFaGswZ2ptd09JQk5qUkViaTBaZUpuN3M?oc=5\" target=\"_blank\" rel=\"nofollow noopener\">&#8220;V\u00e4lisilm&#8221;: Orban panustab valimistel vastasseisule Br\u00fcsseliga<\/a>&nbsp;&nbsp;ERR<\/li>\n<li><a href=\"https:\/\/news.google.com\/rss\/articles\/CBMioAFBVV95cUxOMmZkQ0Y3UEpRUXBJVzJTTkJEM0tUVUpzUmZXYkx4WXoyOWZZY2V0MFhEV3JuaXprWmdPLVh3WU5odWg2X2lJQkFFeWZHNTRmZkx5bm4zTmd6bmdHTURURllOQ1ZNSWlYeUs3eHJlM1dJcGJFM05sSzlxRGgwMFYxQXNxUkhNemRhY3gxdjlGdlg1c0ZRQmlHT0FmcjNobTky?oc=5\" target=\"_blank\" rel=\"nofollow noopener\">Von der Leyen lubab leida viise Ukrainale laenu andmiseks<\/a>&nbsp;&nbsp;\u00c4rip\u00e4ev<\/li>\n<li><a href=\"https:\/\/news.google.com\/rss\/articles\/CBMiwwFBVV95cUxPTWtLN1FXZG1VWm4wOEl1QjFkYXdza1ljZXZ4TF9tT1p4TE0zU3R6T1ZzbzJZUUk2ajVJLXg5bVI4MkhzOGV1RmtWZWlmeTFNcU9zM3dadldydUJwcURIV0FiUXBjRjBDQTRKVzFhQzUySFhhTE9NYjhkZUY5aE02MkJvYXFWZThWUlJfak4zZ3BDSFZHeGJCcDBzc0d0ZFE3MmNfSjUtVjRKNXBzaE5WN0xTbTZJVm9sRld2MjhGRndkT0k?oc=5\" target=\"_blank\" rel=\"nofollow noopener\">Euroopa Liit ei j\u00f5udnud Ukraina toetamise osas kokkuleppele &#8211; isegi Itaalia on l\u00e4inud Ungari leeri<\/a>&nbsp;&nbsp;eestinen<\/li>\n<\/ol>\n","protected":false},"excerpt":{"rendered":"Katsed Orb\u00e1nit lepitada asendusid viha ja \u00e4hvardustega&nbsp;&nbsp;Maailm &#8211; Postimees.ee Michal Orb\u00e1ni s\u00f5namurdlikkusest: n\u00fc\u00fcd ootavad k\u00f5ik Ungari valimisi&nbsp;&nbsp;\u00c4rip\u00e4ev &#8220;V\u00e4lisilm&#8221;:&hellip;\n","protected":false},"author":2,"featured_media":134661,"comment_status":"","ping_status":"","sticky":false,"template":"","format":"standard","meta":{"footnotes":"","_share_on_mastodon":"0"},"categories":[5],"tags":[6423,60838,26,27,52598,37,33,35,34,36,6898,31,32,1142,21,60087,28,29,19,25,5064,23,24,262,22,118,20,30,3796],"class_list":["post-134660","post","type-post","status-publish","format-standard","has-post-thumbnail","category-uldised-uudised","tag-andrej-babis","tag-andrej-plenkovic","tag-breaking-news","tag-breakingnews","tag-druzba-naftajuhe","tag-ee","tag-eesti","tag-eesti-keel","tag-estonia","tag-estonian","tag-euroopa-ulemkogu","tag-featured-news","tag-featurednews","tag-friedrich-merz","tag-headlines","tag-kaitselaen","tag-latest-news","tag-latestnews","tag-news","tag-populaarseimad-lood","tag-robert-fico","tag-top-stories","tag-topstories","tag-ukraina","tag-uldised-uudised","tag-ungari","tag-uudised","tag-viimased-uudised","tag-viktor-orban"],"share_on_mastodon":{"url":"https:\/\/pubeurope.com\/@ee\/116267687787566265","error":""},"_links":{"self":[{"href":"https:\/\/www.europesays.com\/ee\/wp-json\/wp\/v2\/posts\/134660","targetHints":{"allow":["GET"]}}],"collection":[{"href":"https:\/\/www.europesays.com\/ee\/wp-json\/wp\/v2\/posts"}],"about":[{"href":"https:\/\/www.europesays.com\/ee\/wp-json\/wp\/v2\/types\/post"}],"author":[{"embeddable":true,"href":"https:\/\/www.europesays.com\/ee\/wp-json\/wp\/v2\/users\/2"}],"replies":[{"embeddable":true,"href":"https:\/\/www.europesays.com\/ee\/wp-json\/wp\/v2\/comments?post=134660"}],"version-history":[{"count":0,"href":"https:\/\/www.europesays.com\/ee\/wp-json\/wp\/v2\/posts\/134660\/revisions"}],"wp:featuredmedia":[{"embeddable":true,"href":"https:\/\/www.europesays.com\/ee\/wp-json\/wp\/v2\/media\/134661"}],"wp:attachment":[{"href":"https:\/\/www.europesays.com\/ee\/wp-json\/wp\/v2\/media?parent=134660"}],"wp:term":[{"taxonomy":"category","embeddable":true,"href":"https:\/\/www.europesays.com\/ee\/wp-json\/wp\/v2\/categories?post=134660"},{"taxonomy":"post_tag","embeddable":true,"href":"https:\/\/www.europesays.com\/ee\/wp-json\/wp\/v2\/tags?post=134660"}],"curies":[{"name":"wp","href":"https:\/\/api.w.org\/{rel}","templated":true}]}}