{"id":134696,"date":"2026-03-21T15:54:06","date_gmt":"2026-03-21T15:54:06","guid":{"rendered":"https:\/\/www.europesays.com\/ee\/134696\/"},"modified":"2026-03-21T15:54:06","modified_gmt":"2026-03-21T15:54:06","slug":"ekspert-selgitab-miks-eesti-toidu-eksport-votab-aastaid","status":"publish","type":"post","link":"https:\/\/www.europesays.com\/ee\/134696\/","title":{"rendered":"Ekspert selgitab, miks Eesti toidu eksport v\u00f5tab aastaid"},"content":{"rendered":"<p>Eesti toit on aus, kvaliteetne ja hinnatud. Sageli k\u00f5lab m\u00f5te, et kui meie tooted on nii head, peaksid need v\u00e4lismaal ju iseenesest h\u00e4sti m\u00fc\u00fcma. Ekspordi puhul ei piisa pelgalt heast ideest v\u00f5i ettev\u00f5tja ambitsioonist.<\/p>\n<p>Selleks, et Eesti piima-, kala- v\u00f5i m\u00f5ni lihatoode j\u00f5uaks teise riigi poelettidele, peab see riik ametlikult meie ettev\u00f5tete tooteid oma turule lubama.<\/p>\n","protected":false},"excerpt":{"rendered":"Eesti toit on aus, kvaliteetne ja hinnatud. Sageli k\u00f5lab m\u00f5te, et kui meie tooted on nii head, peaksid&hellip;\n","protected":false},"author":2,"featured_media":134697,"comment_status":"","ping_status":"","sticky":false,"template":"","format":"standard","meta":{"footnotes":"","_share_on_mastodon":"0"},"categories":[14],"tags":[131,130,37,33,35,5095,34,36,60850,6769,5451,60849],"class_list":["post-134696","post","type-post","status-publish","format-standard","has-post-thumbnail","category-ari","tag-ari","tag-business","tag-ee","tag-eesti","tag-eesti-keel","tag-eesti-toit","tag-estonia","tag-estonian","tag-loomsete-saaduste-eksport","tag-pollumajandus-ja-toiduamet","tag-pta","tag-toidu-eksport"],"share_on_mastodon":{"url":"https:\/\/pubeurope.com\/@ee\/116267978700713504","error":""},"_links":{"self":[{"href":"https:\/\/www.europesays.com\/ee\/wp-json\/wp\/v2\/posts\/134696","targetHints":{"allow":["GET"]}}],"collection":[{"href":"https:\/\/www.europesays.com\/ee\/wp-json\/wp\/v2\/posts"}],"about":[{"href":"https:\/\/www.europesays.com\/ee\/wp-json\/wp\/v2\/types\/post"}],"author":[{"embeddable":true,"href":"https:\/\/www.europesays.com\/ee\/wp-json\/wp\/v2\/users\/2"}],"replies":[{"embeddable":true,"href":"https:\/\/www.europesays.com\/ee\/wp-json\/wp\/v2\/comments?post=134696"}],"version-history":[{"count":0,"href":"https:\/\/www.europesays.com\/ee\/wp-json\/wp\/v2\/posts\/134696\/revisions"}],"wp:featuredmedia":[{"embeddable":true,"href":"https:\/\/www.europesays.com\/ee\/wp-json\/wp\/v2\/media\/134697"}],"wp:attachment":[{"href":"https:\/\/www.europesays.com\/ee\/wp-json\/wp\/v2\/media?parent=134696"}],"wp:term":[{"taxonomy":"category","embeddable":true,"href":"https:\/\/www.europesays.com\/ee\/wp-json\/wp\/v2\/categories?post=134696"},{"taxonomy":"post_tag","embeddable":true,"href":"https:\/\/www.europesays.com\/ee\/wp-json\/wp\/v2\/tags?post=134696"}],"curies":[{"name":"wp","href":"https:\/\/api.w.org\/{rel}","templated":true}]}}