{"id":134698,"date":"2026-03-21T15:57:06","date_gmt":"2026-03-21T15:57:06","guid":{"rendered":"https:\/\/www.europesays.com\/ee\/134698\/"},"modified":"2026-03-21T15:57:06","modified_gmt":"2026-03-21T15:57:06","slug":"sajad-tuhanded-tsehhid-avaldavad-meelt-valitsuse-vene-sobralike-seaduste-vastu","status":"publish","type":"post","link":"https:\/\/www.europesays.com\/ee\/134698\/","title":{"rendered":"Sajad tuhanded t\u0161ehhid avaldavad meelt valitsuse Vene-s\u00f5bralike seaduste vastu"},"content":{"rendered":"<p>Enamik meeleavaldajaid on vastu peaminister Andrej Babi\u0161i juhtimise all toimunud demokraatia olukorra halvenemisele. Lisaks murele seoses avalik-\u00f5iguslike meediakanalite, riigiasutuste ja v\u00e4lispoliitikaga hoiatavad aktivistid seaduseeln\u00f5u eest, mis nende s\u00f5nul sarnaneb Venemaa-t\u00fc\u00fcpi piirangutega kodaniku\u00fchiskonna suhtes, kirjutas Deutsche Welle.<\/p>\n","protected":false},"excerpt":{"rendered":"Enamik meeleavaldajaid on vastu peaminister Andrej Babi\u0161i juhtimise all toimunud demokraatia olukorra halvenemisele. Lisaks murele seoses avalik-\u00f5iguslike meediakanalite,&hellip;\n","protected":false},"author":2,"featured_media":134699,"comment_status":"","ping_status":"","sticky":false,"template":"","format":"standard","meta":{"footnotes":"","_share_on_mastodon":"0"},"categories":[5],"tags":[6423,26,27,37,33,35,34,36,31,32,21,28,29,60851,317,19,25,7226,23,24,116,22,20,30],"class_list":["post-134698","post","type-post","status-publish","format-standard","has-post-thumbnail","category-uldised-uudised","tag-andrej-babis","tag-breaking-news","tag-breakingnews","tag-ee","tag-eesti","tag-eesti-keel","tag-estonia","tag-estonian","tag-featured-news","tag-featurednews","tag-headlines","tag-latest-news","tag-latestnews","tag-letna-magi","tag-meeleavaldus","tag-news","tag-populaarseimad-lood","tag-praha","tag-top-stories","tag-topstories","tag-tsehhi","tag-uldised-uudised","tag-uudised","tag-viimased-uudised"],"share_on_mastodon":{"url":"https:\/\/pubeurope.com\/@ee\/116267990560875198","error":""},"_links":{"self":[{"href":"https:\/\/www.europesays.com\/ee\/wp-json\/wp\/v2\/posts\/134698","targetHints":{"allow":["GET"]}}],"collection":[{"href":"https:\/\/www.europesays.com\/ee\/wp-json\/wp\/v2\/posts"}],"about":[{"href":"https:\/\/www.europesays.com\/ee\/wp-json\/wp\/v2\/types\/post"}],"author":[{"embeddable":true,"href":"https:\/\/www.europesays.com\/ee\/wp-json\/wp\/v2\/users\/2"}],"replies":[{"embeddable":true,"href":"https:\/\/www.europesays.com\/ee\/wp-json\/wp\/v2\/comments?post=134698"}],"version-history":[{"count":0,"href":"https:\/\/www.europesays.com\/ee\/wp-json\/wp\/v2\/posts\/134698\/revisions"}],"wp:featuredmedia":[{"embeddable":true,"href":"https:\/\/www.europesays.com\/ee\/wp-json\/wp\/v2\/media\/134699"}],"wp:attachment":[{"href":"https:\/\/www.europesays.com\/ee\/wp-json\/wp\/v2\/media?parent=134698"}],"wp:term":[{"taxonomy":"category","embeddable":true,"href":"https:\/\/www.europesays.com\/ee\/wp-json\/wp\/v2\/categories?post=134698"},{"taxonomy":"post_tag","embeddable":true,"href":"https:\/\/www.europesays.com\/ee\/wp-json\/wp\/v2\/tags?post=134698"}],"curies":[{"name":"wp","href":"https:\/\/api.w.org\/{rel}","templated":true}]}}