{"id":134710,"date":"2026-03-21T16:19:21","date_gmt":"2026-03-21T16:19:21","guid":{"rendered":"https:\/\/www.europesays.com\/ee\/134710\/"},"modified":"2026-03-21T16:19:21","modified_gmt":"2026-03-21T16:19:21","slug":"obergid-ja-simon-heitlesid-viimases-jalituses-pingeliselt-ermits-40-seas-laskesuusatamine-2","status":"publish","type":"post","link":"https:\/\/www.europesays.com\/ee\/134710\/","title":{"rendered":"\u00d6bergid ja Simon heitlesid viimases j\u00e4lituses pingeliselt, Ermits 40 seas | Laskesuusatamine"},"content":{"rendered":"<p>Oslos Holmenkollenis peeti laup\u00e4eval naiste laskesuusatamise MK-sarja hooaja viimane j\u00e4lituss\u00f5it, mis oli algusest l\u00f5puni pingeline. Otsustaval sirgel j\u00e4i Hanna \u00d6bergi ja Julia Simoni duellis peale rootslanna, Regina Ermits sai 38. koha.<\/p>\n<p>\u00d6berg ja Simon s\u00f5itsid koos alates esimesest lasketiirust, kui rootslanna kahel lasul eksis. Naised n\u00e4itasid suurep\u00e4rast taset ja liikusid j\u00e4rgmises kahes tiirus sisuliselt sama tempoga, aga m\u00f5lemad eksisid viimases tiirus \u00fchel lasul, tehes sellega ukse lahti ka Elvira \u00d6bergile.<\/p>\n<p>Noorem \u00f5de lihvis k\u00fcll vahet ja j\u00f5udis viimasel kilomeetril liidritest nelja sekundi kaugusele, aga Hanna \u00d6berg tegi suurep\u00e4rase t\u00f5usu ja asus 0,7 km enne fini\u0161it tempot dikteerima. Simon p\u00fcsis rootslanna kannul ja naised j\u00f5udsid otsustavale sirgele k\u00f5rvuti, kuid Elvira \u00d6berg l\u00f5petas s\u00f5idu kindlamalt ja \u00fcletas joone Simonist pool sekundit varem. Hanna \u00d6berg (1) kaotas v\u00f5itjale l\u00f5puks 23,2 sekundiga.<\/p>\n<p>Lou Jeanmonnot eksis \u00fchel lasul ja sai neljanda koha (+57,2), aga v\u00f5ttis selle tulemusega Suvi Minkkinenilt j\u00e4lituss\u00f5itude kristallgloobuse. Soomlanna l\u00f5petas hooaja viimases s\u00f5idus 23. kohaga (2; +2.33,3) ning kogus hooaja peale 380 punkti, j\u00e4\u00e4des Jeanmonnot&#8217;st (397 p) l\u00f5puks 17 punkti kaugusele.<\/p>\n<p>Jeanmonnot on juba kindlustanud ka MK-sarja \u00fcldv\u00f5idu, kuid p\u00fchap\u00e4evases \u00fchisstardist s\u00f5idus n\u00e4eb vinget v\u00f5itlust teise koha nimel, sest neli naist mahuvad 38 punkti sisse. Jeanmonnot on kogunud 1109 punkti, Hanna \u00d6berg on 883 punktiga teine, Elvira \u00d6berg 867 punktiga kolmas, Minkkinen 856 punktiga neljas ning Lisa Vittozzi 845 punktiga viies.<\/p>\n<p>42. naisena startinud Regina Ermits eksis esimeses tiirus \u00fchel lasul ning kolmandas tiirus kahel lasul, aga l\u00e4bis \u00fclej\u00e4\u00e4nud tiirud puhaste paberitega ning saavutas 60 v\u00f5istleja arvestuses 38. koha (3; +3.46,0). J\u00e4lituss\u00f5itude arvestuses kogus ta hooaja peale 91 punkti, millega saavutas 26. koha.<\/p>\n<p><img decoding=\"async\" style=\"width: 100%;\" src=\"https:\/\/www.europesays.com\/ee\/wp-content\/uploads\/2026\/03\/3270264h5e73t28.jpg\"\/><\/p>\n<p>Enne s\u00f5itu:<\/p>\n<p>Hooaja viimases j\u00e4lituses l\u00e4heb esimesena rajale rootslanna Hanna \u00d6berg, kellest viis sekundit hiljem saab l\u00e4hte itaallanna Lisa Vittozzi. Temast omakorda 15 sekundit hiljem l\u00e4heb rajale liidri Elvira \u00d6berg (+0.20) ning minuti sisse mahuvad veel Julia Simon (+0.38), Ingrid Landmark Tandrevold (+0.51), Lou Jeanmonnot ja Anna Magnusson (+0.58).<\/p>\n<p>Viimasel kahel hooajal MK-sarja \u00fcldarvestuses teiseks j\u00e4\u00e4nud Jeanmonnot on t\u00e4navu suure kristallgloobuse juba kindlustanud, aga j\u00e4lituss\u00f5idu arvestuses on esikohal Suvi Minkkinen (362 p). Jeanmonnot (342 p) j\u00e4\u00e4b temast vaid 20 punkti kaugusele ning alustab laup\u00e4eval soomlannast minut ja 13 sekundit varem.<\/p>\n<p>J\u00e4lituss\u00f5itu p\u00e4\u00e4ses ka Regina Ermits, kes kannab stardinumbrit 42 ning saab liidrist l\u00e4hte kaks minutit ja seitse sekundit hiljem. Ermits on teinud t\u00e4navu MK-sarjas tubli vinge hooaja ja hoiab j\u00e4lituss\u00f5itude arvestuses enne viimast v\u00f5istlust 88 punktiga 21. kohta.<\/p>\n","protected":false},"excerpt":{"rendered":"Oslos Holmenkollenis peeti laup\u00e4eval naiste laskesuusatamise MK-sarja hooaja viimane j\u00e4lituss\u00f5it, mis oli algusest l\u00f5puni pingeline. Otsustaval sirgel j\u00e4i&hellip;\n","protected":false},"author":2,"featured_media":134618,"comment_status":"","ping_status":"","sticky":false,"template":"","format":"standard","meta":{"footnotes":"","_share_on_mastodon":"0"},"categories":[5],"tags":[26,27,37,33,35,34,36,31,32,21,3532,23454,28,29,19,25,13200,23,24,22,20,30],"class_list":["post-134710","post","type-post","status-publish","format-standard","has-post-thumbnail","category-uldised-uudised","tag-breaking-news","tag-breakingnews","tag-ee","tag-eesti","tag-eesti-keel","tag-estonia","tag-estonian","tag-featured-news","tag-featurednews","tag-headlines","tag-julia-simon","tag-laskesuusatamise-mk-sari","tag-latest-news","tag-latestnews","tag-news","tag-populaarseimad-lood","tag-regina-ermits","tag-top-stories","tag-topstories","tag-uldised-uudised","tag-uudised","tag-viimased-uudised"],"share_on_mastodon":{"url":"https:\/\/pubeurope.com\/@ee\/116268077177307019","error":""},"_links":{"self":[{"href":"https:\/\/www.europesays.com\/ee\/wp-json\/wp\/v2\/posts\/134710","targetHints":{"allow":["GET"]}}],"collection":[{"href":"https:\/\/www.europesays.com\/ee\/wp-json\/wp\/v2\/posts"}],"about":[{"href":"https:\/\/www.europesays.com\/ee\/wp-json\/wp\/v2\/types\/post"}],"author":[{"embeddable":true,"href":"https:\/\/www.europesays.com\/ee\/wp-json\/wp\/v2\/users\/2"}],"replies":[{"embeddable":true,"href":"https:\/\/www.europesays.com\/ee\/wp-json\/wp\/v2\/comments?post=134710"}],"version-history":[{"count":0,"href":"https:\/\/www.europesays.com\/ee\/wp-json\/wp\/v2\/posts\/134710\/revisions"}],"wp:featuredmedia":[{"embeddable":true,"href":"https:\/\/www.europesays.com\/ee\/wp-json\/wp\/v2\/media\/134618"}],"wp:attachment":[{"href":"https:\/\/www.europesays.com\/ee\/wp-json\/wp\/v2\/media?parent=134710"}],"wp:term":[{"taxonomy":"category","embeddable":true,"href":"https:\/\/www.europesays.com\/ee\/wp-json\/wp\/v2\/categories?post=134710"},{"taxonomy":"post_tag","embeddable":true,"href":"https:\/\/www.europesays.com\/ee\/wp-json\/wp\/v2\/tags?post=134710"}],"curies":[{"name":"wp","href":"https:\/\/api.w.org\/{rel}","templated":true}]}}